{"id":6465,"date":"2026-03-04T10:02:37","date_gmt":"2026-03-04T09:02:37","guid":{"rendered":"https:\/\/agora.xtec.cat\/iescamarles\/?p=6465"},"modified":"2026-03-04T10:05:15","modified_gmt":"2026-03-04T09:05:15","slug":"informacio-preinscripcio-2026-2027","status":"publish","type":"post","link":"https:\/\/agora.xtec.cat\/iescamarles\/portada\/informacio-preinscripcio-2026-2027\/","title":{"rendered":"INFORMACI\u00d3 PREINSCRIPCI\u00d3 2026-2027"},"content":{"rendered":"<p data-path-to-node=\"3\">L&#8217;alumnat que ha de comen\u00e7ar <b data-path-to-node=\"3\" data-index-in-node=\"29\">1r d&#8217;ESO<\/b> o aquell que fa un <b data-path-to-node=\"3\" data-index-in-node=\"57\">canvi de centre<\/b> ha de fer la preinscripci\u00f3 telem\u00e0ticament del <b data-path-to-node=\"3\" data-index-in-node=\"119\">6 al 18 de mar\u00e7<\/b>. A continuaci\u00f3, trobareu una guia r\u00e0pida per realitzar el proc\u00e9s i l&#8217;enlla\u00e7 corresponent.<\/p>\n<p><img loading=\"lazy\" decoding=\"async\" class=\"wp-image-5727 alignleft\" src=\"https:\/\/agora.xtec.cat\/iescamarles\/wp-content\/uploads\/usu868\/2024\/05\/images.png\" alt=\"\" width=\"24\" height=\"21\" \/><\/p>\n<p data-path-to-node=\"4\">L\u2019alumnat que ja est\u00e0 cursant l\u2019ESO al centre <b data-path-to-node=\"4\" data-index-in-node=\"46\">NO ha de fer aquesta preinscripci\u00f3<\/b>, nom\u00e9s haur\u00e0 de confirmar la continu\u00eftat. Entre el <b data-path-to-node=\"4\" data-index-in-node=\"132\">10 i el 16 de mar\u00e7<\/b>, els tutors us faran arribar el document de confirmaci\u00f3 de pla\u00e7a, que s&#8217;haur\u00e0 de retornar signat i amb les modificacions de dades que calguin.<\/p>\n<p><a href=\"https:\/\/preinscripcio.gencat.cat\/ca\/estudis\/eso\/preinscriute\/sollicitud\/\" target=\"_blank\" rel=\"noopener\">Sol\u00b7licitud preinscripci\u00f3<\/a><\/p>\n<p><a href=\"https:\/\/drive.google.com\/file\/d\/1HqLuTwBC6_DH4NpjvgSRMh05esckAErd\/view?usp=sharing\" target=\"_blank\" rel=\"noopener\">Guia r\u00e0pida<\/a><\/p>\n","protected":false},"excerpt":{"rendered":"<p>L&#8217;alumnat que ha de comen\u00e7ar 1r d&#8217;ESO o aquell que fa un canvi de centre ha de fer la preinscripci\u00f3 telem\u00e0ticament del 6 al 18 de mar\u00e7. A continuaci\u00f3, trobareu una guia r\u00e0pida per realitzar el proc\u00e9s i l&#8217;enlla\u00e7 corresponent.<\/p>\n<p>L\u2019alumnat que ja est\u00e0 cursant l\u2019ESO&hellip;  <a href=\"https:\/\/agora.xtec.cat\/iescamarles\/portada\/informacio-preinscripcio-2026-2027\/\" title=\"Read INFORMACI\u00d3 PREINSCRIPCI\u00d3 2026-2027\">Llegeix m\u00e9s\u00bb<\/a><\/p>\n","protected":false},"author":250,"featured_media":6433,"comment_status":"closed","ping_status":"open","sticky":false,"template":"","format":"standard","meta":{"_bbp_topic_count":0,"_bbp_reply_count":0,"_bbp_total_topic_count":0,"_bbp_total_reply_count":0,"_bbp_voice_count":0,"_bbp_anonymous_reply_count":0,"_bbp_topic_count_hidden":0,"_bbp_reply_count_hidden":0,"_bbp_forum_subforum_count":0,"footnotes":""},"categories":[29],"tags":[],"class_list":["post-6465","post","type-post","status-publish","format-standard","has-post-thumbnail","hentry","category-portada"],"post_mailing_queue_ids":[],"_links":{"self":[{"href":"https:\/\/agora.xtec.cat\/iescamarles\/wp-json\/wp\/v2\/posts\/6465","targetHints":{"allow":["GET"]}}],"collection":[{"href":"https:\/\/agora.xtec.cat\/iescamarles\/wp-json\/wp\/v2\/posts"}],"about":[{"href":"https:\/\/agora.xtec.cat\/iescamarles\/wp-json\/wp\/v2\/types\/post"}],"author":[{"embeddable":true,"href":"https:\/\/agora.xtec.cat\/iescamarles\/wp-json\/wp\/v2\/users\/250"}],"replies":[{"embeddable":true,"href":"https:\/\/agora.xtec.cat\/iescamarles\/wp-json\/wp\/v2\/comments?post=6465"}],"version-history":[{"count":2,"href":"https:\/\/agora.xtec.cat\/iescamarles\/wp-json\/wp\/v2\/posts\/6465\/revisions"}],"predecessor-version":[{"id":6467,"href":"https:\/\/agora.xtec.cat\/iescamarles\/wp-json\/wp\/v2\/posts\/6465\/revisions\/6467"}],"wp:featuredmedia":[{"embeddable":true,"href":"https:\/\/agora.xtec.cat\/iescamarles\/wp-json\/wp\/v2\/media\/6433"}],"wp:attachment":[{"href":"https:\/\/agora.xtec.cat\/iescamarles\/wp-json\/wp\/v2\/media?parent=6465"}],"wp:term":[{"taxonomy":"category","embeddable":true,"href":"https:\/\/agora.xtec.cat\/iescamarles\/wp-json\/wp\/v2\/categories?post=6465"},{"taxonomy":"post_tag","embeddable":true,"href":"https:\/\/agora.xtec.cat\/iescamarles\/wp-json\/wp\/v2\/tags?post=6465"}],"curies":[{"name":"wp","href":"https:\/\/api.w.org\/{rel}","templated":true}]}}