{"id":6449,"date":"2026-03-02T12:34:54","date_gmt":"2026-03-02T11:34:54","guid":{"rendered":"https:\/\/agora.xtec.cat\/iescamarles\/?p=6449"},"modified":"2026-03-02T12:42:47","modified_gmt":"2026-03-02T11:42:47","slug":"informacio-de-la-jornada-de-portes-obertes","status":"publish","type":"post","link":"https:\/\/agora.xtec.cat\/iescamarles\/portada\/informacio-de-la-jornada-de-portes-obertes\/","title":{"rendered":"INFORMACI\u00d3 DE LA JORNADA DE PORTES OBERTES"},"content":{"rendered":"<p>Aquest dilluns 2 de mar\u00e7 a les 19.00 h tindr\u00e0 lloc la jornada de Portes Obertes. A continuaci\u00f3, posem a la vostra disposici\u00f3 l&#8217;enlla\u00e7 amb els continguts de la sessi\u00f3:<\/p>\n<p><a href=\"https:\/\/drive.google.com\/file\/d\/1KvT7fihHOfHxiORM4x5UAzANFXE7FDFN\/view?usp=sharing\" target=\"_blank\" rel=\"noopener\">Presentaci\u00f3 Institut de Camarles<\/a><\/p>\n","protected":false},"excerpt":{"rendered":"<p>Aquest dilluns 2 de mar\u00e7 a les 19.00 h tindr\u00e0 lloc la jornada de Portes Obertes. A continuaci\u00f3, posem a la vostra disposici\u00f3 l&#8217;enlla\u00e7 amb els continguts de la sessi\u00f3:<br \/>\n<a href=\"https:\/\/drive.google.com\/file\/d\/1KvT7fihHOfHxiORM4x5UAzANFXE7FDFN\/view?usp=sharing\" target=\"_blank\" rel=\"noopener\">Presentaci\u00f3 Institut de Camarles<\/a><\/p>\n","protected":false},"author":250,"featured_media":6452,"comment_status":"closed","ping_status":"open","sticky":false,"template":"","format":"standard","meta":{"_bbp_topic_count":0,"_bbp_reply_count":0,"_bbp_total_topic_count":0,"_bbp_total_reply_count":0,"_bbp_voice_count":0,"_bbp_anonymous_reply_count":0,"_bbp_topic_count_hidden":0,"_bbp_reply_count_hidden":0,"_bbp_forum_subforum_count":0,"footnotes":""},"categories":[29],"tags":[],"class_list":["post-6449","post","type-post","status-publish","format-standard","has-post-thumbnail","hentry","category-portada"],"post_mailing_queue_ids":[],"_links":{"self":[{"href":"https:\/\/agora.xtec.cat\/iescamarles\/wp-json\/wp\/v2\/posts\/6449","targetHints":{"allow":["GET"]}}],"collection":[{"href":"https:\/\/agora.xtec.cat\/iescamarles\/wp-json\/wp\/v2\/posts"}],"about":[{"href":"https:\/\/agora.xtec.cat\/iescamarles\/wp-json\/wp\/v2\/types\/post"}],"author":[{"embeddable":true,"href":"https:\/\/agora.xtec.cat\/iescamarles\/wp-json\/wp\/v2\/users\/250"}],"replies":[{"embeddable":true,"href":"https:\/\/agora.xtec.cat\/iescamarles\/wp-json\/wp\/v2\/comments?post=6449"}],"version-history":[{"count":1,"href":"https:\/\/agora.xtec.cat\/iescamarles\/wp-json\/wp\/v2\/posts\/6449\/revisions"}],"predecessor-version":[{"id":6451,"href":"https:\/\/agora.xtec.cat\/iescamarles\/wp-json\/wp\/v2\/posts\/6449\/revisions\/6451"}],"wp:featuredmedia":[{"embeddable":true,"href":"https:\/\/agora.xtec.cat\/iescamarles\/wp-json\/wp\/v2\/media\/6452"}],"wp:attachment":[{"href":"https:\/\/agora.xtec.cat\/iescamarles\/wp-json\/wp\/v2\/media?parent=6449"}],"wp:term":[{"taxonomy":"category","embeddable":true,"href":"https:\/\/agora.xtec.cat\/iescamarles\/wp-json\/wp\/v2\/categories?post=6449"},{"taxonomy":"post_tag","embeddable":true,"href":"https:\/\/agora.xtec.cat\/iescamarles\/wp-json\/wp\/v2\/tags?post=6449"}],"curies":[{"name":"wp","href":"https:\/\/api.w.org\/{rel}","templated":true}]}}