{"id":6401,"date":"2026-02-27T10:19:35","date_gmt":"2026-02-27T09:19:35","guid":{"rendered":"https:\/\/agora.xtec.cat\/iescamarles\/?p=6401"},"modified":"2026-02-27T10:19:46","modified_gmt":"2026-02-27T09:19:46","slug":"jornada-portes-obertes-02-03-2026","status":"publish","type":"post","link":"https:\/\/agora.xtec.cat\/iescamarles\/portada\/jornada-portes-obertes-02-03-2026\/","title":{"rendered":"JORNADA PORTES OBERTES 02\/03\/2026"},"content":{"rendered":"<p data-path-to-node=\"3,1\">Us convidem a con\u00e8ixer el nostre Institut. Veniu a descobrir el projecte educatiu i a visitar les instal\u00b7lacions acompanyats del nostre equip directiu.<\/p>\n<p data-path-to-node=\"3,2\">Ser\u00e0 una gran oportunitat per rebre informaci\u00f3 de primera m\u00e0 i resoldre qualsevol dubte.<\/p>\n<p data-path-to-node=\"3,2\">Us esperem el dilluns 2 de mar\u00e7 de 2026 a les 19.00 h.<\/p>\n<p data-path-to-node=\"3,2\"><img loading=\"lazy\" decoding=\"async\" class=\"alignnone size-large wp-image-6402\" src=\"https:\/\/agora.xtec.cat\/iescamarles\/wp-content\/uploads\/usu868\/2026\/02\/portes-obertes-2026-1024x585.png\" alt=\"\" width=\"1024\" height=\"585\" srcset=\"https:\/\/agora.xtec.cat\/iescamarles\/wp-content\/uploads\/usu868\/2026\/02\/portes-obertes-2026-1024x585.png 1024w, https:\/\/agora.xtec.cat\/iescamarles\/wp-content\/uploads\/usu868\/2026\/02\/portes-obertes-2026-300x171.png 300w, https:\/\/agora.xtec.cat\/iescamarles\/wp-content\/uploads\/usu868\/2026\/02\/portes-obertes-2026-768x439.png 768w, https:\/\/agora.xtec.cat\/iescamarles\/wp-content\/uploads\/usu868\/2026\/02\/portes-obertes-2026.png 1050w\" sizes=\"auto, (max-width: 1024px) 100vw, 1024px\" \/><\/p>\n","protected":false},"excerpt":{"rendered":"<p>Us convidem a con\u00e8ixer el nostre Institut. Veniu a descobrir el projecte educatiu i a visitar les instal\u00b7lacions acompanyats del nostre equip directiu.<br \/>\nSer\u00e0 una gran oportunitat per rebre informaci\u00f3 de primera m\u00e0 i resoldre qualsevol dubte.<br \/>\nUs esperem el dilluns 2 de mar\u00e7 de 2026 a&hellip;  <a href=\"https:\/\/agora.xtec.cat\/iescamarles\/portada\/jornada-portes-obertes-02-03-2026\/\" title=\"Read JORNADA PORTES OBERTES 02\/03\/2026\">Llegeix m\u00e9s\u00bb<\/a><\/p>\n","protected":false},"author":250,"featured_media":6402,"comment_status":"closed","ping_status":"open","sticky":false,"template":"","format":"standard","meta":{"_bbp_topic_count":0,"_bbp_reply_count":0,"_bbp_total_topic_count":0,"_bbp_total_reply_count":0,"_bbp_voice_count":0,"_bbp_anonymous_reply_count":0,"_bbp_topic_count_hidden":0,"_bbp_reply_count_hidden":0,"_bbp_forum_subforum_count":0,"footnotes":""},"categories":[153,29],"tags":[],"class_list":["post-6401","post","type-post","status-publish","format-standard","has-post-thumbnail","hentry","category-families","category-portada"],"post_mailing_queue_ids":[],"_links":{"self":[{"href":"https:\/\/agora.xtec.cat\/iescamarles\/wp-json\/wp\/v2\/posts\/6401","targetHints":{"allow":["GET"]}}],"collection":[{"href":"https:\/\/agora.xtec.cat\/iescamarles\/wp-json\/wp\/v2\/posts"}],"about":[{"href":"https:\/\/agora.xtec.cat\/iescamarles\/wp-json\/wp\/v2\/types\/post"}],"author":[{"embeddable":true,"href":"https:\/\/agora.xtec.cat\/iescamarles\/wp-json\/wp\/v2\/users\/250"}],"replies":[{"embeddable":true,"href":"https:\/\/agora.xtec.cat\/iescamarles\/wp-json\/wp\/v2\/comments?post=6401"}],"version-history":[{"count":3,"href":"https:\/\/agora.xtec.cat\/iescamarles\/wp-json\/wp\/v2\/posts\/6401\/revisions"}],"predecessor-version":[{"id":6428,"href":"https:\/\/agora.xtec.cat\/iescamarles\/wp-json\/wp\/v2\/posts\/6401\/revisions\/6428"}],"wp:featuredmedia":[{"embeddable":true,"href":"https:\/\/agora.xtec.cat\/iescamarles\/wp-json\/wp\/v2\/media\/6402"}],"wp:attachment":[{"href":"https:\/\/agora.xtec.cat\/iescamarles\/wp-json\/wp\/v2\/media?parent=6401"}],"wp:term":[{"taxonomy":"category","embeddable":true,"href":"https:\/\/agora.xtec.cat\/iescamarles\/wp-json\/wp\/v2\/categories?post=6401"},{"taxonomy":"post_tag","embeddable":true,"href":"https:\/\/agora.xtec.cat\/iescamarles\/wp-json\/wp\/v2\/tags?post=6401"}],"curies":[{"name":"wp","href":"https:\/\/api.w.org\/{rel}","templated":true}]}}