{"id":6280,"date":"2025-09-25T09:00:26","date_gmt":"2025-09-25T07:00:26","guid":{"rendered":"https:\/\/agora.xtec.cat\/iescamarles\/?p=6280"},"modified":"2025-09-30T11:06:58","modified_gmt":"2025-09-30T09:06:58","slug":"intercanvi-a-giessen-alemanya-3r-deso","status":"publish","type":"post","link":"https:\/\/agora.xtec.cat\/iescamarles\/portada\/intercanvi-a-giessen-alemanya-3r-deso\/","title":{"rendered":"INTERCANVI A GIESSEN (ALEMANYA) 3r D\u2019ESO"},"content":{"rendered":"<p><span style=\"font-weight: 400;\">La setmana de l\u201911 al 18 juny, 25 alumnes de 3r D\u2019ESO de l\u2019Institut de Camarles van anar d\u2019intercanvi a Giessen (Alemanya). Aquest \u00e9s el quart any que realitzem aquesta activitat, ja consolidada.\u00a0<\/span><\/p>\n<p><span style=\"font-weight: 400;\">L\u2019arribada va ser el dimecres al mat\u00ed i van poder descansar el que quedava de dia. En dijous van visitar l\u2019institut que els acollia, van fer una gimcana per con\u00e8ixer la ciutat i un sopar col\u00b7laboratiu. El fet de tenir totes les tardes lliures de la setmana els va ajudar a practicar i enriquir la llengua anglesa i a viure una incre\u00efble experi\u00e8ncia cultural, ja que s\u2019allotjaven amb fam\u00edlies. El dia 13 van visitar el museu Mathematikum, un museu que ofereix una gran varietat d&#8217;exposicions pr\u00e0ctiques matem\u00e0tiques. El dissabte va ser un dels dies m\u00e9s divertits, ja que van anar a fer un circuit d&#8217;aventura i escalada a un bosc proper a la ciutat. El diumenge van tenir el dia lliure per gaudir amb la fam\u00edlia. El dilluns, van visitar Frankfurt i el Museu Senckenberg (World of biodiversity), un dels museus d\u2019hist\u00f2ria natural m\u00e9s grans d\u2019Europa. M\u00e9s tard, van tenir temps de con\u00e8ixer la ciutat fins les 16:00. El pen\u00faltim dia van anar a Marburg, una ciutat medieval preciosa.<\/span><\/p>\n<p><span style=\"font-weight: 400;\">Finalment, dimecres van agafar l\u2019avi\u00f3 de tornada a Barcelona a les 13:30. Va ser una setmana molt divertida, enriquidora i van con\u00e8ixer molt\u00edssima gent.<\/span><\/p>\n<p><img loading=\"lazy\" decoding=\"async\" class=\"wp-image-6281 size-large\" src=\"https:\/\/agora.xtec.cat\/iescamarles\/wp-content\/uploads\/usu868\/2025\/09\/IG_01-1024x768.jpg\" alt=\"\" width=\"1024\" height=\"768\" srcset=\"https:\/\/agora.xtec.cat\/iescamarles\/wp-content\/uploads\/usu868\/2025\/09\/IG_01-1024x768.jpg 1024w, https:\/\/agora.xtec.cat\/iescamarles\/wp-content\/uploads\/usu868\/2025\/09\/IG_01-300x225.jpg 300w, https:\/\/agora.xtec.cat\/iescamarles\/wp-content\/uploads\/usu868\/2025\/09\/IG_01-768x576.jpg 768w, https:\/\/agora.xtec.cat\/iescamarles\/wp-content\/uploads\/usu868\/2025\/09\/IG_01-1536x1152.jpg 1536w, https:\/\/agora.xtec.cat\/iescamarles\/wp-content\/uploads\/usu868\/2025\/09\/IG_01-2048x1536.jpg 2048w, https:\/\/agora.xtec.cat\/iescamarles\/wp-content\/uploads\/usu868\/2025\/09\/IG_01-200x150.jpg 200w\" sizes=\"auto, (max-width: 1024px) 100vw, 1024px\" \/><\/p>\n<p><a href=\"https:\/\/sites.google.com\/inscamarles.cat\/fotos-ins-camarles\/inici\/curs-25-26\/intercanvi-a-giessen\" target=\"_blank\" rel=\"noopener\"><span style=\"font-weight: 400;\">Podeu veure <\/span><b>m\u00e9s fotos<\/b><span style=\"font-weight: 400;\"> fent clic aqu\u00ed.<\/span><\/a><a href=\"https:\/\/sites.google.com\/inscamarles.cat\/fotos-ins-camarles\/inici\/curs-25-26\/intercanvi-a-giessen\"><img loading=\"lazy\" decoding=\"async\" class=\"alignleft wp-image-6291 size-full\" src=\"https:\/\/agora.xtec.cat\/iescamarles\/wp-content\/uploads\/usu868\/2025\/02\/album-e1759132441366.png\" alt=\"\" width=\"100\" height=\"100\" \/><\/a><\/p>\n<p><i><span style=\"font-weight: 400;\">Per motius de privacitat s&#8217;ha d&#8217;haver iniciat sessi\u00f3 amb un compte @inscamarles.cat<\/span><\/i><i><span style=\"font-weight: 400;\"><br \/>\n<\/span><\/i><i><span style=\"font-weight: 400;\">Es poden veure directament des dels dispositius dels alumnes.<\/span><\/i><\/p>\n","protected":false},"excerpt":{"rendered":"<p>La setmana de l\u201911 al 18 juny, 25 alumnes de 3r D\u2019ESO de l\u2019Institut de Camarles van anar d\u2019intercanvi a Giessen (Alemanya). Aquest \u00e9s el quart any que realitzem aquesta activitat, ja consolidada.\u00a0<br \/>\nL\u2019arribada va ser el dimecres al mat\u00ed i van poder descansar el que&hellip;  <a href=\"https:\/\/agora.xtec.cat\/iescamarles\/portada\/intercanvi-a-giessen-alemanya-3r-deso\/\" title=\"Read INTERCANVI A GIESSEN (ALEMANYA) 3r D\u2019ESO\">Llegeix m\u00e9s\u00bb<\/a><\/p>\n","protected":false},"author":250,"featured_media":6281,"comment_status":"closed","ping_status":"open","sticky":false,"template":"","format":"standard","meta":{"_bbp_topic_count":0,"_bbp_reply_count":0,"_bbp_total_topic_count":0,"_bbp_total_reply_count":0,"_bbp_voice_count":0,"_bbp_anonymous_reply_count":0,"_bbp_topic_count_hidden":0,"_bbp_reply_count_hidden":0,"_bbp_forum_subforum_count":0,"footnotes":""},"categories":[29],"tags":[],"class_list":["post-6280","post","type-post","status-publish","format-standard","has-post-thumbnail","hentry","category-portada"],"post_mailing_queue_ids":[],"_links":{"self":[{"href":"https:\/\/agora.xtec.cat\/iescamarles\/wp-json\/wp\/v2\/posts\/6280","targetHints":{"allow":["GET"]}}],"collection":[{"href":"https:\/\/agora.xtec.cat\/iescamarles\/wp-json\/wp\/v2\/posts"}],"about":[{"href":"https:\/\/agora.xtec.cat\/iescamarles\/wp-json\/wp\/v2\/types\/post"}],"author":[{"embeddable":true,"href":"https:\/\/agora.xtec.cat\/iescamarles\/wp-json\/wp\/v2\/users\/250"}],"replies":[{"embeddable":true,"href":"https:\/\/agora.xtec.cat\/iescamarles\/wp-json\/wp\/v2\/comments?post=6280"}],"version-history":[{"count":7,"href":"https:\/\/agora.xtec.cat\/iescamarles\/wp-json\/wp\/v2\/posts\/6280\/revisions"}],"predecessor-version":[{"id":6301,"href":"https:\/\/agora.xtec.cat\/iescamarles\/wp-json\/wp\/v2\/posts\/6280\/revisions\/6301"}],"wp:featuredmedia":[{"embeddable":true,"href":"https:\/\/agora.xtec.cat\/iescamarles\/wp-json\/wp\/v2\/media\/6281"}],"wp:attachment":[{"href":"https:\/\/agora.xtec.cat\/iescamarles\/wp-json\/wp\/v2\/media?parent=6280"}],"wp:term":[{"taxonomy":"category","embeddable":true,"href":"https:\/\/agora.xtec.cat\/iescamarles\/wp-json\/wp\/v2\/categories?post=6280"},{"taxonomy":"post_tag","embeddable":true,"href":"https:\/\/agora.xtec.cat\/iescamarles\/wp-json\/wp\/v2\/tags?post=6280"}],"curies":[{"name":"wp","href":"https:\/\/api.w.org\/{rel}","templated":true}]}}