{"id":6256,"date":"2025-09-16T09:08:48","date_gmt":"2025-09-16T07:08:48","guid":{"rendered":"https:\/\/agora.xtec.cat\/iescamarles\/?p=6256"},"modified":"2025-09-18T08:33:30","modified_gmt":"2025-09-18T06:33:30","slug":"reunio-amb-les-families","status":"publish","type":"post","link":"https:\/\/agora.xtec.cat\/iescamarles\/portada\/reunio-amb-les-families\/","title":{"rendered":"REUNI\u00d3 AMB LES FAM\u00cdLIES"},"content":{"rendered":"<p>Us donem la benvinguda a aquest nou curs escolar que encetem amb molta il\u00b7lusi\u00f3 i ganes de compartir aprenentatges i experi\u00e8ncies. Per tal de con\u00e8ixer el tutor\/a dels vostres fills i d\u2019explicar el funcionament del curs 2025-2026, us convoquem a la reuni\u00f3 inicial de fam\u00edlies que tindr\u00e0 lloc el proper dilluns, 22 de setembre, a les 19:30h, a l\u2019aula dels vostres fills i filles. Aprofitarem per resoldre qualsevol dubte que pugueu tenir. Esperem comptar amb la vostra pres\u00e8ncia.<\/p>\n","protected":false},"excerpt":{"rendered":"<p>Us donem la benvinguda a aquest nou curs escolar que encetem amb molta il\u00b7lusi\u00f3 i ganes de compartir aprenentatges i experi\u00e8ncies. Per tal de con\u00e8ixer el tutor\/a dels vostres fills i d\u2019explicar el funcionament del curs 2025-2026, us convoquem a la reuni\u00f3 inicial de fam\u00edlies&hellip;  <a href=\"https:\/\/agora.xtec.cat\/iescamarles\/portada\/reunio-amb-les-families\/\" title=\"Read REUNI\u00d3 AMB LES FAM\u00cdLIES\">Llegeix m\u00e9s\u00bb<\/a><\/p>\n","protected":false},"author":250,"featured_media":6262,"comment_status":"closed","ping_status":"open","sticky":false,"template":"","format":"standard","meta":{"_bbp_topic_count":0,"_bbp_reply_count":0,"_bbp_total_topic_count":0,"_bbp_total_reply_count":0,"_bbp_voice_count":0,"_bbp_anonymous_reply_count":0,"_bbp_topic_count_hidden":0,"_bbp_reply_count_hidden":0,"_bbp_forum_subforum_count":0,"footnotes":""},"categories":[153,29],"tags":[],"class_list":["post-6256","post","type-post","status-publish","format-standard","has-post-thumbnail","hentry","category-families","category-portada"],"post_mailing_queue_ids":[],"_links":{"self":[{"href":"https:\/\/agora.xtec.cat\/iescamarles\/wp-json\/wp\/v2\/posts\/6256","targetHints":{"allow":["GET"]}}],"collection":[{"href":"https:\/\/agora.xtec.cat\/iescamarles\/wp-json\/wp\/v2\/posts"}],"about":[{"href":"https:\/\/agora.xtec.cat\/iescamarles\/wp-json\/wp\/v2\/types\/post"}],"author":[{"embeddable":true,"href":"https:\/\/agora.xtec.cat\/iescamarles\/wp-json\/wp\/v2\/users\/250"}],"replies":[{"embeddable":true,"href":"https:\/\/agora.xtec.cat\/iescamarles\/wp-json\/wp\/v2\/comments?post=6256"}],"version-history":[{"count":1,"href":"https:\/\/agora.xtec.cat\/iescamarles\/wp-json\/wp\/v2\/posts\/6256\/revisions"}],"predecessor-version":[{"id":6258,"href":"https:\/\/agora.xtec.cat\/iescamarles\/wp-json\/wp\/v2\/posts\/6256\/revisions\/6258"}],"wp:featuredmedia":[{"embeddable":true,"href":"https:\/\/agora.xtec.cat\/iescamarles\/wp-json\/wp\/v2\/media\/6262"}],"wp:attachment":[{"href":"https:\/\/agora.xtec.cat\/iescamarles\/wp-json\/wp\/v2\/media?parent=6256"}],"wp:term":[{"taxonomy":"category","embeddable":true,"href":"https:\/\/agora.xtec.cat\/iescamarles\/wp-json\/wp\/v2\/categories?post=6256"},{"taxonomy":"post_tag","embeddable":true,"href":"https:\/\/agora.xtec.cat\/iescamarles\/wp-json\/wp\/v2\/tags?post=6256"}],"curies":[{"name":"wp","href":"https:\/\/api.w.org\/{rel}","templated":true}]}}