{"id":6208,"date":"2025-06-17T08:52:22","date_gmt":"2025-06-17T06:52:22","guid":{"rendered":"https:\/\/agora.xtec.cat\/iescamarles\/?p=6208"},"modified":"2025-09-12T13:16:06","modified_gmt":"2025-09-12T11:16:06","slug":"val-escolar-curs-2025-2026-no-els-cediu-al-centre","status":"publish","type":"post","link":"https:\/\/agora.xtec.cat\/iescamarles\/portada\/val-escolar-curs-2025-2026-no-els-cediu-al-centre\/","title":{"rendered":"VAL ESCOLAR CURS 2025\/2026 (No els cediu al centre)"},"content":{"rendered":"<p>El vals escolars s\u2019adrecen a les fam\u00edlies dels alumnes que al curs 2025-2026 facin prim\u00e0ria o secund\u00e0ria en centres p\u00fablics o concertats. A partir del <b>dia 16 de juny<\/b>\u00a0s\u2019inicia la campanya d\u2019ajuts per a material\u00a0<span class=\"il\">escolar<\/span>\u00a0per al curs 2025-2026 i les fam\u00edlies benefici\u00e0ries comen\u00e7aran a rebre els vals als seus domicilis i els podran activar a trav\u00e9s de la web del\u00a0<span class=\"il\">val<\/span>\u00a0<span class=\"il\">escolar<\/span>\u00a0<a href=\"https:\/\/valescolar.cat\/\" target=\"_blank\" rel=\"noopener\" data-saferedirecturl=\"https:\/\/www.google.com\/url?q=https:\/\/valescolar.cat\/&amp;source=gmail&amp;ust=1750227661915000&amp;usg=AOvVaw0L-YBgTdcTqqFHsLn-Qc6c\">https:\/\/valescolar.cat\/<\/a><\/p>\n<p class=\"light-p\">Els vals s\u2019han d\u2019activar per poder utilitzar-los. <strong>NO CEDIU ELS VALS AL CENTRE, <\/strong>activeu-los per poder utilitzar-los als establiments adherits.<\/p>\n<p>NO SE US DEMANARAN LES VOSTRES DADES BANC\u00c0RIES.<\/p>\n","protected":false},"excerpt":{"rendered":"<p>El vals escolars s\u2019adrecen a les fam\u00edlies dels alumnes que al curs 2025-2026 facin prim\u00e0ria o secund\u00e0ria en centres p\u00fablics o concertats. A partir del dia 16 de juny\u00a0s\u2019inicia la campanya d\u2019ajuts per a material\u00a0escolar\u00a0per al curs 2025-2026 i les fam\u00edlies benefici\u00e0ries comen\u00e7aran a rebre&hellip;  <a href=\"https:\/\/agora.xtec.cat\/iescamarles\/portada\/val-escolar-curs-2025-2026-no-els-cediu-al-centre\/\" title=\"Read VAL ESCOLAR CURS 2025\/2026 (No els cediu al centre)\">Llegeix m\u00e9s\u00bb<\/a><\/p>\n","protected":false},"author":250,"featured_media":6172,"comment_status":"closed","ping_status":"open","sticky":false,"template":"","format":"standard","meta":{"_bbp_topic_count":0,"_bbp_reply_count":0,"_bbp_total_topic_count":0,"_bbp_total_reply_count":0,"_bbp_voice_count":0,"_bbp_anonymous_reply_count":0,"_bbp_topic_count_hidden":0,"_bbp_reply_count_hidden":0,"_bbp_forum_subforum_count":0,"footnotes":""},"categories":[29],"tags":[],"class_list":["post-6208","post","type-post","status-publish","format-standard","has-post-thumbnail","hentry","category-portada"],"post_mailing_queue_ids":[],"_links":{"self":[{"href":"https:\/\/agora.xtec.cat\/iescamarles\/wp-json\/wp\/v2\/posts\/6208","targetHints":{"allow":["GET"]}}],"collection":[{"href":"https:\/\/agora.xtec.cat\/iescamarles\/wp-json\/wp\/v2\/posts"}],"about":[{"href":"https:\/\/agora.xtec.cat\/iescamarles\/wp-json\/wp\/v2\/types\/post"}],"author":[{"embeddable":true,"href":"https:\/\/agora.xtec.cat\/iescamarles\/wp-json\/wp\/v2\/users\/250"}],"replies":[{"embeddable":true,"href":"https:\/\/agora.xtec.cat\/iescamarles\/wp-json\/wp\/v2\/comments?post=6208"}],"version-history":[{"count":4,"href":"https:\/\/agora.xtec.cat\/iescamarles\/wp-json\/wp\/v2\/posts\/6208\/revisions"}],"predecessor-version":[{"id":6212,"href":"https:\/\/agora.xtec.cat\/iescamarles\/wp-json\/wp\/v2\/posts\/6208\/revisions\/6212"}],"wp:featuredmedia":[{"embeddable":true,"href":"https:\/\/agora.xtec.cat\/iescamarles\/wp-json\/wp\/v2\/media\/6172"}],"wp:attachment":[{"href":"https:\/\/agora.xtec.cat\/iescamarles\/wp-json\/wp\/v2\/media?parent=6208"}],"wp:term":[{"taxonomy":"category","embeddable":true,"href":"https:\/\/agora.xtec.cat\/iescamarles\/wp-json\/wp\/v2\/categories?post=6208"},{"taxonomy":"post_tag","embeddable":true,"href":"https:\/\/agora.xtec.cat\/iescamarles\/wp-json\/wp\/v2\/tags?post=6208"}],"curies":[{"name":"wp","href":"https:\/\/api.w.org\/{rel}","templated":true}]}}