{"id":6192,"date":"2025-06-12T13:59:25","date_gmt":"2025-06-12T11:59:25","guid":{"rendered":"https:\/\/agora.xtec.cat\/iescamarles\/?p=6192"},"modified":"2025-06-20T12:41:29","modified_gmt":"2025-06-20T10:41:29","slug":"atencio-canvi-ubicacio-acte-orles-4t-eso-i-2n-bat","status":"publish","type":"post","link":"https:\/\/agora.xtec.cat\/iescamarles\/portada\/atencio-canvi-ubicacio-acte-orles-4t-eso-i-2n-bat\/","title":{"rendered":"ATENCI\u00d3: CANVI UBICACI\u00d3 ACTE ORLES 4t ESO i 2n BAT i MILLORS EXPEDIENTS"},"content":{"rendered":"<p>L&#8217;acte de graduaci\u00f3 de l&#8217;alumnat de 4t d&#8217;ESO i 2n de Batxillerat, que se celebrar\u00e0 el <strong>dijous 26 de juny a les 19.30 h,<\/strong> tindr\u00e0 lloc al <strong>Pavell\u00f3 d&#8217;esports de l&#8217;Aldea<\/strong>.<\/p>\n","protected":false},"excerpt":{"rendered":"<p>L&#8217;acte de graduaci\u00f3 de l&#8217;alumnat de 4t d&#8217;ESO i 2n de Batxillerat, que se celebrar\u00e0 el dijous 26 de juny a les 19.30 h, tindr\u00e0 lloc al Pavell\u00f3 d&#8217;esports de l&#8217;Aldea.<\/p>\n","protected":false},"author":250,"featured_media":6143,"comment_status":"closed","ping_status":"open","sticky":false,"template":"","format":"standard","meta":{"_bbp_topic_count":0,"_bbp_reply_count":0,"_bbp_total_topic_count":0,"_bbp_total_reply_count":0,"_bbp_voice_count":0,"_bbp_anonymous_reply_count":0,"_bbp_topic_count_hidden":0,"_bbp_reply_count_hidden":0,"_bbp_forum_subforum_count":0,"footnotes":""},"categories":[29],"tags":[],"class_list":["post-6192","post","type-post","status-publish","format-standard","has-post-thumbnail","hentry","category-portada"],"post_mailing_queue_ids":[],"_links":{"self":[{"href":"https:\/\/agora.xtec.cat\/iescamarles\/wp-json\/wp\/v2\/posts\/6192","targetHints":{"allow":["GET"]}}],"collection":[{"href":"https:\/\/agora.xtec.cat\/iescamarles\/wp-json\/wp\/v2\/posts"}],"about":[{"href":"https:\/\/agora.xtec.cat\/iescamarles\/wp-json\/wp\/v2\/types\/post"}],"author":[{"embeddable":true,"href":"https:\/\/agora.xtec.cat\/iescamarles\/wp-json\/wp\/v2\/users\/250"}],"replies":[{"embeddable":true,"href":"https:\/\/agora.xtec.cat\/iescamarles\/wp-json\/wp\/v2\/comments?post=6192"}],"version-history":[{"count":6,"href":"https:\/\/agora.xtec.cat\/iescamarles\/wp-json\/wp\/v2\/posts\/6192\/revisions"}],"predecessor-version":[{"id":6222,"href":"https:\/\/agora.xtec.cat\/iescamarles\/wp-json\/wp\/v2\/posts\/6192\/revisions\/6222"}],"wp:featuredmedia":[{"embeddable":true,"href":"https:\/\/agora.xtec.cat\/iescamarles\/wp-json\/wp\/v2\/media\/6143"}],"wp:attachment":[{"href":"https:\/\/agora.xtec.cat\/iescamarles\/wp-json\/wp\/v2\/media?parent=6192"}],"wp:term":[{"taxonomy":"category","embeddable":true,"href":"https:\/\/agora.xtec.cat\/iescamarles\/wp-json\/wp\/v2\/categories?post=6192"},{"taxonomy":"post_tag","embeddable":true,"href":"https:\/\/agora.xtec.cat\/iescamarles\/wp-json\/wp\/v2\/tags?post=6192"}],"curies":[{"name":"wp","href":"https:\/\/api.w.org\/{rel}","templated":true}]}}