{"id":6151,"date":"2025-05-26T08:00:58","date_gmt":"2025-05-26T06:00:58","guid":{"rendered":"https:\/\/agora.xtec.cat\/iescamarles\/?p=6151"},"modified":"2025-05-25T12:32:52","modified_gmt":"2025-05-25T10:32:52","slug":"mobilitat-erasmus-a-romania-projecte-enviera-ka121","status":"publish","type":"post","link":"https:\/\/agora.xtec.cat\/iescamarles\/portada\/mobilitat-erasmus-a-romania-projecte-enviera-ka121\/","title":{"rendered":"MOBILITAT ERASMUS+ A ROMANIA (PROJECTE EnviEra KA121)"},"content":{"rendered":"<p>Entre l&#8217;11 i el 17 de maig de 2025, 7 alumnes de 4t d&#8217;ESO i una alumna de 3r d&#8217;ESO van realitzar una estada a Romania, en el marc del projecte EnviEra (fons Erasmus+ KA121, mobilitats de curta durada). El fil conductor de l&#8217;estada va ser la biodiversitat i la flora i fauna en general, per tant, totes les activitats estaven relacionades amb este tema.<\/p>\n<p>El primer dia es van plantejar els projectes en qu\u00e8 havien de treballar els diferents grups d&#8217;alumnes durant la setmana. M\u00e9s tard vam visitar un viver d&#8217;arbres aut\u00f2ctons on crien arbres des de la germinaci\u00f3 de la llavor fins als dos o tres anys d&#8217;edat. \u00c9s llavors quan poden ser plantats a la natura per substituir els arbres talats per la ind\u00fastria de la fusta o all\u00e0 on es vulgui repoblar l&#8217;arbrat.<\/p>\n<p>El dimarts vam anar al centre de visitants d&#8217;un parc natural on ens van estar explicant els ecosistemes naturals de l&#8217;alta muntanya de la regi\u00f3 de Bucovina, aix\u00ed com la hist\u00f2ria geol\u00f2gica de l&#8217;\u00e0rea. Despr\u00e9s vam anar a una \u00e0rea del parc natural on hi havia una antiga pedrera de sofre i vam estar caminant pels boscos i prats nevats. Vam acabant fent batalla de boles de neu!<\/p>\n<p>El dimecres vam estar en l&#8217;estaci\u00f3 de bombers de C\u00e2mpulung Moldovenesc, el poble on es situa l&#8217;institut, i ens van estar ensenyant els recursos que tenen per combatre els incendis. Fins i tot ens van deixar provar la potent m\u00e0nega d&#8217;aigua i ens van pujar a una grua que ascendia fins als 42 metres, una experi\u00e8ncia vertiginosa.<\/p>\n<p>Dijous vam visitar la capital de la regi\u00f3, Suceava, on ens van ensenyar el museu d&#8217;hist\u00f2ria natural, farcit d&#8217;animals dissecats i diorames explicatius dels ecosistemes de la zona. M\u00e9s tard ens van portar a la universitat on vam fer cap al laboratori de dendrologia. All\u00ed els cient\u00edfics especialistes en esta mat\u00e8ria ens van explicar com n&#8217;\u00e9s d&#8217;important llegir la hist\u00f2ria de la climatologia en els anells dels troncs dels arbres i molta altra informaci\u00f3 que es pot extraure de la fusta viva o morta.<\/p>\n<p>Per \u00faltim, el divendres els alumnes dels tres pa\u00efsos van estar treballant en els seus projectes que al cap del mat\u00ed van presentar davant dels professors i dels companys.<\/p>\n<p>Altres activitats m\u00e9s de lleure i menys relacionades amb la biodiversitat van ser l&#8217;experi\u00e8ncia viscuda en la tirolina m\u00e9s llarga de Romania (1km!), la visita al centre comercial de Suceava i les cerim\u00f2nies de cloenda amb balls tradicionals, en qu\u00e8 vam xalar molt\u00edssim.<\/p>\n<p>Des del centre continuem apostant i treballant amb projectes internacionals, destacant els fons Erasmus+, per tal de proporcionar experi\u00e8ncies altament enriquidores i educatives per a l\u2019alumnat. Continuem!<\/p>\n<p>Podeu veure m\u00e9s fotos des <a href=\"https:\/\/sites.google.com\/inscamarles.cat\/fotos-ins-camarles\/inici\/curs-24-25\/mobilitat-erasmus-a-romania\" target=\"_blank\" rel=\"noopener\">d\u2019aquest enlla\u00e7<\/a> amb usuari <span class=\"atwho-query\">@inscamarles.cat<\/span><\/p>\n","protected":false},"excerpt":{"rendered":"<p>Entre l&#8217;11 i el 17 de maig de 2025, 7 alumnes de 4t d&#8217;ESO i una alumna de 3r d&#8217;ESO van realitzar una estada a Romania, en el marc del projecte EnviEra (fons Erasmus+ KA121, mobilitats de curta durada). El fil conductor de l&#8217;estada va&hellip;  <a href=\"https:\/\/agora.xtec.cat\/iescamarles\/portada\/mobilitat-erasmus-a-romania-projecte-enviera-ka121\/\" title=\"Read MOBILITAT ERASMUS+ A ROMANIA (PROJECTE EnviEra KA121)\">Llegeix m\u00e9s\u00bb<\/a><\/p>\n","protected":false},"author":250,"featured_media":6152,"comment_status":"closed","ping_status":"closed","sticky":false,"template":"","format":"standard","meta":{"_bbp_topic_count":0,"_bbp_reply_count":0,"_bbp_total_topic_count":0,"_bbp_total_reply_count":0,"_bbp_voice_count":0,"_bbp_anonymous_reply_count":0,"_bbp_topic_count_hidden":0,"_bbp_reply_count_hidden":0,"_bbp_forum_subforum_count":0,"footnotes":""},"categories":[207,29,173],"tags":[],"class_list":["post-6151","post","type-post","status-publish","format-standard","has-post-thumbnail","hentry","category-curs-2024-25-erasmus-ka121-treballem-amb-stem","category-portada","category-projecte-erasmus"],"post_mailing_queue_ids":[],"_links":{"self":[{"href":"https:\/\/agora.xtec.cat\/iescamarles\/wp-json\/wp\/v2\/posts\/6151","targetHints":{"allow":["GET"]}}],"collection":[{"href":"https:\/\/agora.xtec.cat\/iescamarles\/wp-json\/wp\/v2\/posts"}],"about":[{"href":"https:\/\/agora.xtec.cat\/iescamarles\/wp-json\/wp\/v2\/types\/post"}],"author":[{"embeddable":true,"href":"https:\/\/agora.xtec.cat\/iescamarles\/wp-json\/wp\/v2\/users\/250"}],"replies":[{"embeddable":true,"href":"https:\/\/agora.xtec.cat\/iescamarles\/wp-json\/wp\/v2\/comments?post=6151"}],"version-history":[{"count":4,"href":"https:\/\/agora.xtec.cat\/iescamarles\/wp-json\/wp\/v2\/posts\/6151\/revisions"}],"predecessor-version":[{"id":6156,"href":"https:\/\/agora.xtec.cat\/iescamarles\/wp-json\/wp\/v2\/posts\/6151\/revisions\/6156"}],"wp:featuredmedia":[{"embeddable":true,"href":"https:\/\/agora.xtec.cat\/iescamarles\/wp-json\/wp\/v2\/media\/6152"}],"wp:attachment":[{"href":"https:\/\/agora.xtec.cat\/iescamarles\/wp-json\/wp\/v2\/media?parent=6151"}],"wp:term":[{"taxonomy":"category","embeddable":true,"href":"https:\/\/agora.xtec.cat\/iescamarles\/wp-json\/wp\/v2\/categories?post=6151"},{"taxonomy":"post_tag","embeddable":true,"href":"https:\/\/agora.xtec.cat\/iescamarles\/wp-json\/wp\/v2\/tags?post=6151"}],"curies":[{"name":"wp","href":"https:\/\/api.w.org\/{rel}","templated":true}]}}