{"id":6142,"date":"2025-05-19T09:54:20","date_gmt":"2025-05-19T07:54:20","guid":{"rendered":"https:\/\/agora.xtec.cat\/iescamarles\/?p=6142"},"modified":"2025-05-19T09:54:20","modified_gmt":"2025-05-19T07:54:20","slug":"acte-orles-4t-eso-i-2n-batxillerat","status":"publish","type":"post","link":"https:\/\/agora.xtec.cat\/iescamarles\/portada\/acte-orles-4t-eso-i-2n-batxillerat\/","title":{"rendered":"ACTE ORLES 4t ESO i 2n BATXILLERAT"},"content":{"rendered":"<p><strong>Ben<\/strong><strong>volgudes fam\u00edlies,<\/strong><\/p>\n<p>Ens c<span style=\"font-family: inherit; font-size: 1em;\">o<\/span>mplau informar-vos que aquest any l\u2019acte de\u00a0<strong>graduaci\u00f3 dels alumnes de 4t d\u2019ESO i 2n de Batxillerat de l\u2019Institut de Camarles<\/strong>\u00a0tindr\u00e0 lloc al municipi de\u00a0<strong>l\u2019Aldea<\/strong>, seguint la rotaci\u00f3 habitual entre els pobles que formen part del nostre centre.<\/p>\n<p>L\u2019acte se celebrar\u00e0 el proper\u00a0<strong>dijous 26 de juny a les 19.30 h<\/strong>\u00a0a la\u00a0<strong>Sala Polivalent Ramon Salvad\u00f3<\/strong>\u00a0de l\u2019Aldea.<\/p>\n<p>Ser\u00e0 un moment molt especial per als nostres fills i filles, en qu\u00e8 podrem acompanyar-los en el tancament d\u2019una etapa important i en l\u2019inici de nous camins plens d\u2019oportunitats. Durant l\u2019acte, hi haur\u00e0 parlaments, projeccions i, com cada any, un\u00a0<strong>berenar-sopar<\/strong>\u00a0que ser\u00e0 ofert pel municipi amfitri\u00f3, en aquest cas l\u2019Aldea.<\/p>\n<p>Us animem a assistir-hi i compartir aquest dia tan emotiu amb els vostres fills i filles.<\/p>\n<p>Per a qualsevol dubte o informaci\u00f3 addicional, podeu contactar a trav\u00e9s del correu electr\u00f2nic\u00a0<b><a href=\"mailto:afa@inscamarles.cat\" target=\"_blank\" rel=\"noopener\">afa@inscamarles.cat<\/a><\/b><\/p>\n<p>Moltes gr\u00e0cies per la vostra col\u00b7laboraci\u00f3 i ens veiem el dia de la graduaci\u00f3!<\/p>\n<p><strong>Cordialment,<\/strong><\/p>\n<p>Elisabet Fabuel Quesada<\/p>\n<p>En representaci\u00f3 de l\u2019AFA de l\u2019Institut de Camarles<\/p>\n","protected":false},"excerpt":{"rendered":"<p>Benvolgudes fam\u00edlies,<br \/>\nEns complau informar-vos que aquest any l\u2019acte de\u00a0graduaci\u00f3 dels alumnes de 4t d\u2019ESO i 2n de Batxillerat de l\u2019Institut de Camarles\u00a0tindr\u00e0 lloc al municipi de\u00a0l\u2019Aldea, seguint la rotaci\u00f3 habitual entre els pobles que formen part del nostre centre.<br \/>\nL\u2019acte se celebrar\u00e0 el proper\u00a0dijous 26 de&hellip;  <a href=\"https:\/\/agora.xtec.cat\/iescamarles\/portada\/acte-orles-4t-eso-i-2n-batxillerat\/\" title=\"Read ACTE ORLES 4t ESO i 2n BATXILLERAT\">Llegeix m\u00e9s\u00bb<\/a><\/p>\n","protected":false},"author":250,"featured_media":6143,"comment_status":"closed","ping_status":"closed","sticky":false,"template":"","format":"standard","meta":{"_bbp_topic_count":0,"_bbp_reply_count":0,"_bbp_total_topic_count":0,"_bbp_total_reply_count":0,"_bbp_voice_count":0,"_bbp_anonymous_reply_count":0,"_bbp_topic_count_hidden":0,"_bbp_reply_count_hidden":0,"_bbp_forum_subforum_count":0,"footnotes":""},"categories":[153,31,119,29],"tags":[],"class_list":["post-6142","post","type-post","status-publish","format-standard","has-post-thumbnail","hentry","category-families","category-ampa","category-eso4","category-portada"],"post_mailing_queue_ids":[],"_links":{"self":[{"href":"https:\/\/agora.xtec.cat\/iescamarles\/wp-json\/wp\/v2\/posts\/6142","targetHints":{"allow":["GET"]}}],"collection":[{"href":"https:\/\/agora.xtec.cat\/iescamarles\/wp-json\/wp\/v2\/posts"}],"about":[{"href":"https:\/\/agora.xtec.cat\/iescamarles\/wp-json\/wp\/v2\/types\/post"}],"author":[{"embeddable":true,"href":"https:\/\/agora.xtec.cat\/iescamarles\/wp-json\/wp\/v2\/users\/250"}],"replies":[{"embeddable":true,"href":"https:\/\/agora.xtec.cat\/iescamarles\/wp-json\/wp\/v2\/comments?post=6142"}],"version-history":[{"count":1,"href":"https:\/\/agora.xtec.cat\/iescamarles\/wp-json\/wp\/v2\/posts\/6142\/revisions"}],"predecessor-version":[{"id":6144,"href":"https:\/\/agora.xtec.cat\/iescamarles\/wp-json\/wp\/v2\/posts\/6142\/revisions\/6144"}],"wp:featuredmedia":[{"embeddable":true,"href":"https:\/\/agora.xtec.cat\/iescamarles\/wp-json\/wp\/v2\/media\/6143"}],"wp:attachment":[{"href":"https:\/\/agora.xtec.cat\/iescamarles\/wp-json\/wp\/v2\/media?parent=6142"}],"wp:term":[{"taxonomy":"category","embeddable":true,"href":"https:\/\/agora.xtec.cat\/iescamarles\/wp-json\/wp\/v2\/categories?post=6142"},{"taxonomy":"post_tag","embeddable":true,"href":"https:\/\/agora.xtec.cat\/iescamarles\/wp-json\/wp\/v2\/tags?post=6142"}],"curies":[{"name":"wp","href":"https:\/\/api.w.org\/{rel}","templated":true}]}}