{"id":6139,"date":"2025-05-12T08:20:06","date_gmt":"2025-05-12T06:20:06","guid":{"rendered":"https:\/\/agora.xtec.cat\/iescamarles\/?p=6139"},"modified":"2025-05-12T08:20:11","modified_gmt":"2025-05-12T06:20:11","slug":"vacunacio-alumnat-2n-eso","status":"publish","type":"post","link":"https:\/\/agora.xtec.cat\/iescamarles\/portada\/vacunacio-alumnat-2n-eso\/","title":{"rendered":"VACUNACI\u00d3 ALUMNAT 2n ESO"},"content":{"rendered":"<p>La vacunaci\u00f3 de l&#8217;alumnat de <strong>2n ESO<\/strong> es realitzar\u00e0 el proper dijous 15 de maig. IMPORTANT: L&#8217;alumnat ha de portar el llibre de vacunaci\u00f3 el mateix dia.<\/p>\n","protected":false},"excerpt":{"rendered":"<p>La vacunaci\u00f3 de l&#8217;alumnat de 2n ESO es realitzar\u00e0 el proper dijous 15 de maig. IMPORTANT: L&#8217;alumnat ha de portar el llibre de vacunaci\u00f3 el mateix dia.<\/p>\n","protected":false},"author":250,"featured_media":6140,"comment_status":"closed","ping_status":"closed","sticky":false,"template":"","format":"standard","meta":{"_bbp_topic_count":0,"_bbp_reply_count":0,"_bbp_total_topic_count":0,"_bbp_total_reply_count":0,"_bbp_voice_count":0,"_bbp_anonymous_reply_count":0,"_bbp_topic_count_hidden":0,"_bbp_reply_count_hidden":0,"_bbp_forum_subforum_count":0,"footnotes":""},"categories":[29],"tags":[],"class_list":["post-6139","post","type-post","status-publish","format-standard","has-post-thumbnail","hentry","category-portada"],"post_mailing_queue_ids":[],"_links":{"self":[{"href":"https:\/\/agora.xtec.cat\/iescamarles\/wp-json\/wp\/v2\/posts\/6139","targetHints":{"allow":["GET"]}}],"collection":[{"href":"https:\/\/agora.xtec.cat\/iescamarles\/wp-json\/wp\/v2\/posts"}],"about":[{"href":"https:\/\/agora.xtec.cat\/iescamarles\/wp-json\/wp\/v2\/types\/post"}],"author":[{"embeddable":true,"href":"https:\/\/agora.xtec.cat\/iescamarles\/wp-json\/wp\/v2\/users\/250"}],"replies":[{"embeddable":true,"href":"https:\/\/agora.xtec.cat\/iescamarles\/wp-json\/wp\/v2\/comments?post=6139"}],"version-history":[{"count":1,"href":"https:\/\/agora.xtec.cat\/iescamarles\/wp-json\/wp\/v2\/posts\/6139\/revisions"}],"predecessor-version":[{"id":6141,"href":"https:\/\/agora.xtec.cat\/iescamarles\/wp-json\/wp\/v2\/posts\/6139\/revisions\/6141"}],"wp:featuredmedia":[{"embeddable":true,"href":"https:\/\/agora.xtec.cat\/iescamarles\/wp-json\/wp\/v2\/media\/6140"}],"wp:attachment":[{"href":"https:\/\/agora.xtec.cat\/iescamarles\/wp-json\/wp\/v2\/media?parent=6139"}],"wp:term":[{"taxonomy":"category","embeddable":true,"href":"https:\/\/agora.xtec.cat\/iescamarles\/wp-json\/wp\/v2\/categories?post=6139"},{"taxonomy":"post_tag","embeddable":true,"href":"https:\/\/agora.xtec.cat\/iescamarles\/wp-json\/wp\/v2\/tags?post=6139"}],"curies":[{"name":"wp","href":"https:\/\/api.w.org\/{rel}","templated":true}]}}