{"id":6124,"date":"2025-05-05T09:54:18","date_gmt":"2025-05-05T07:54:18","guid":{"rendered":"https:\/\/agora.xtec.cat\/iescamarles\/?p=6124"},"modified":"2025-05-05T09:57:40","modified_gmt":"2025-05-05T07:57:40","slug":"ajuts-per-alumnes-amb-necessitat-especifica-de-suport-educatiu","status":"publish","type":"post","link":"https:\/\/agora.xtec.cat\/iescamarles\/portada\/ajuts-per-alumnes-amb-necessitat-especifica-de-suport-educatiu\/","title":{"rendered":"AJUTS PER ALUMNES AMB NECESSITAT ESPEC\u00cdFICA DE SUPORT EDUCATIU"},"content":{"rendered":"<p>Ajuts individualitzats convocats pel Ministeri d&#8217;Educaci\u00f3, Formaci\u00f3 Professional i Esports.<\/p>\n<p>Modalitats dels ajuts:<\/p>\n<ul>\n<li>Ajuts i subsidis per a alumnes amb necessitat espec\u00edfica de suport educatiu derivada de discapacitat o trastorn greu de conducta o trastorn de la comunicaci\u00f3 i el llenguatge o trastorn de l&#8217;espectre autista.<\/li>\n<li>Ajuts i subsidi per a programes complementaris a alumnes amb necessitat espec\u00edfica de suport educatiu associada a altes capacitats.Termini per presentar la sol\u00b7licitud:\u00a0<strong>des de les 8 h del 30 d&#8217;abril fins a les 24 h de l&#8217;11 de setembre de 2025<\/strong>. Emplena el formulari en l\u00ednia. Podr\u00e0s descarregar-te el justificant com a garantia que la teva sol\u00b7licitud ha estat presentada.<\/li>\n<\/ul>\n<p><a href=\"https:\/\/sede.educacion.gob.es\/sede\/login\/inicio.jjsp?idConvocatoria=2286\" target=\"_blank\" rel=\"noopener\">https:\/\/sede.educacion.gob.es\/sede\/login\/inicio.jjsp?idConvocatoria=2286<\/a><\/p>\n","protected":false},"excerpt":{"rendered":"<p>Ajuts individualitzats convocats pel Ministeri d&#8217;Educaci\u00f3, Formaci\u00f3 Professional i Esports.<br \/>\nModalitats dels ajuts:<\/p>\n<ul>\n<li>Ajuts i subsidis per a alumnes amb necessitat espec\u00edfica de suport educatiu derivada de discapacitat o trastorn greu de conducta o trastorn de la comunicaci\u00f3 i el llenguatge o trastorn de l&#8217;espectre autista.<\/li>\n<li>Ajuts i&hellip;  <a href=\"https:\/\/agora.xtec.cat\/iescamarles\/portada\/ajuts-per-alumnes-amb-necessitat-especifica-de-suport-educatiu\/\" title=\"Read AJUTS PER ALUMNES AMB NECESSITAT ESPEC\u00cdFICA DE SUPORT EDUCATIU\">Llegeix m\u00e9s\u00bb<\/a><br \/>\n","protected":false},"author":250,"featured_media":6125,"comment_status":"closed","ping_status":"closed","sticky":false,"template":"","format":"standard","meta":{"_bbp_topic_count":0,"_bbp_reply_count":0,"_bbp_total_topic_count":0,"_bbp_total_reply_count":0,"_bbp_voice_count":0,"_bbp_anonymous_reply_count":0,"_bbp_topic_count_hidden":0,"_bbp_reply_count_hidden":0,"_bbp_forum_subforum_count":0,"footnotes":""},"categories":[29],"tags":[],"class_list":["post-6124","post","type-post","status-publish","format-standard","has-post-thumbnail","hentry","category-portada"],"post_mailing_queue_ids":[],"_links":{"self":[{"href":"https:\/\/agora.xtec.cat\/iescamarles\/wp-json\/wp\/v2\/posts\/6124","targetHints":{"allow":["GET"]}}],"collection":[{"href":"https:\/\/agora.xtec.cat\/iescamarles\/wp-json\/wp\/v2\/posts"}],"about":[{"href":"https:\/\/agora.xtec.cat\/iescamarles\/wp-json\/wp\/v2\/types\/post"}],"author":[{"embeddable":true,"href":"https:\/\/agora.xtec.cat\/iescamarles\/wp-json\/wp\/v2\/users\/250"}],"replies":[{"embeddable":true,"href":"https:\/\/agora.xtec.cat\/iescamarles\/wp-json\/wp\/v2\/comments?post=6124"}],"version-history":[{"count":4,"href":"https:\/\/agora.xtec.cat\/iescamarles\/wp-json\/wp\/v2\/posts\/6124\/revisions"}],"predecessor-version":[{"id":6129,"href":"https:\/\/agora.xtec.cat\/iescamarles\/wp-json\/wp\/v2\/posts\/6124\/revisions\/6129"}],"wp:featuredmedia":[{"embeddable":true,"href":"https:\/\/agora.xtec.cat\/iescamarles\/wp-json\/wp\/v2\/media\/6125"}],"wp:attachment":[{"href":"https:\/\/agora.xtec.cat\/iescamarles\/wp-json\/wp\/v2\/media?parent=6124"}],"wp:term":[{"taxonomy":"category","embeddable":true,"href":"https:\/\/agora.xtec.cat\/iescamarles\/wp-json\/wp\/v2\/categories?post=6124"},{"taxonomy":"post_tag","embeddable":true,"href":"https:\/\/agora.xtec.cat\/iescamarles\/wp-json\/wp\/v2\/tags?post=6124"}],"curies":[{"name":"wp","href":"https:\/\/api.w.org\/{rel}","templated":true}]}}