{"id":6015,"date":"2025-02-05T19:34:24","date_gmt":"2025-02-05T18:34:24","guid":{"rendered":"https:\/\/agora.xtec.cat\/iescamarles\/?p=6015"},"modified":"2025-02-05T19:34:24","modified_gmt":"2025-02-05T18:34:24","slug":"manifest-de-la-plataforma-ciencies-en-perill","status":"publish","type":"post","link":"https:\/\/agora.xtec.cat\/iescamarles\/portada\/manifest-de-la-plataforma-ciencies-en-perill\/","title":{"rendered":"MANIFEST DE LA PLATAFORMA CI\u00c8NCIES EN PERILL"},"content":{"rendered":"<p>El claustre de l\u2019Institut de Camarles se suma al manifest de la plataforma <strong>Ci\u00e8ncies en Perill<\/strong> que es posiciona en contra dels nous canvis al curr\u00edculum de 1r de batxillerat, previstos per al curs 26\/27, amb els quals es pret\u00e9n fusionar les mat\u00e8ries de F\u00edsica i Qu\u00edmica en una sola (4h) i les de Biologia, Geologia i Ci\u00e8ncies Ambientals en una sola (4h) amb la conseg\u00fcent reducci\u00f3 hor\u00e0ria.<\/p>\n<p><img loading=\"lazy\" decoding=\"async\" class=\"size-large wp-image-6017 aligncenter\" src=\"https:\/\/agora.xtec.cat\/iescamarles\/wp-content\/uploads\/usu868\/2025\/02\/Ciencies-en-perill-724x1024.jpg\" alt=\"Ci\u00e8ncies_en_perill\" width=\"724\" height=\"1024\" srcset=\"https:\/\/agora.xtec.cat\/iescamarles\/wp-content\/uploads\/usu868\/2025\/02\/Ciencies-en-perill-724x1024.jpg 724w, https:\/\/agora.xtec.cat\/iescamarles\/wp-content\/uploads\/usu868\/2025\/02\/Ciencies-en-perill-212x300.jpg 212w, https:\/\/agora.xtec.cat\/iescamarles\/wp-content\/uploads\/usu868\/2025\/02\/Ciencies-en-perill-768x1086.jpg 768w, https:\/\/agora.xtec.cat\/iescamarles\/wp-content\/uploads\/usu868\/2025\/02\/Ciencies-en-perill-1087x1536.jpg 1087w, https:\/\/agora.xtec.cat\/iescamarles\/wp-content\/uploads\/usu868\/2025\/02\/Ciencies-en-perill-1449x2048.jpg 1449w, https:\/\/agora.xtec.cat\/iescamarles\/wp-content\/uploads\/usu868\/2025\/02\/Ciencies-en-perill.jpg 1755w\" sizes=\"auto, (max-width: 724px) 100vw, 724px\" \/><\/p>\n<p>M\u00e9s informaci\u00f3 en el web de la Plataforma:<br \/>\n<a href=\"https:\/\/ja.cat\/cienciesenperill\" target=\"_blank\" rel=\"noopener\">https:\/\/ja.cat\/cienciesenperill<\/a><\/p>\n","protected":false},"excerpt":{"rendered":"<p>El claustre de l\u2019Institut de Camarles se suma al manifest de la plataforma Ci\u00e8ncies en Perill que es posiciona en contra dels nous canvis al curr\u00edculum de 1r de batxillerat, previstos per al curs 26\/27, amb els quals es pret\u00e9n fusionar les mat\u00e8ries de F\u00edsica&hellip;  <a href=\"https:\/\/agora.xtec.cat\/iescamarles\/portada\/manifest-de-la-plataforma-ciencies-en-perill\/\" title=\"Read MANIFEST DE LA PLATAFORMA CI\u00c8NCIES EN PERILL\">Llegeix m\u00e9s\u00bb<\/a><\/p>\n","protected":false},"author":250,"featured_media":0,"comment_status":"closed","ping_status":"closed","sticky":false,"template":"","format":"standard","meta":{"_bbp_topic_count":0,"_bbp_reply_count":0,"_bbp_total_topic_count":0,"_bbp_total_reply_count":0,"_bbp_voice_count":0,"_bbp_anonymous_reply_count":0,"_bbp_topic_count_hidden":0,"_bbp_reply_count_hidden":0,"_bbp_forum_subforum_count":0,"footnotes":""},"categories":[29],"tags":[],"class_list":["post-6015","post","type-post","status-publish","format-standard","hentry","category-portada"],"post_mailing_queue_ids":[],"_links":{"self":[{"href":"https:\/\/agora.xtec.cat\/iescamarles\/wp-json\/wp\/v2\/posts\/6015","targetHints":{"allow":["GET"]}}],"collection":[{"href":"https:\/\/agora.xtec.cat\/iescamarles\/wp-json\/wp\/v2\/posts"}],"about":[{"href":"https:\/\/agora.xtec.cat\/iescamarles\/wp-json\/wp\/v2\/types\/post"}],"author":[{"embeddable":true,"href":"https:\/\/agora.xtec.cat\/iescamarles\/wp-json\/wp\/v2\/users\/250"}],"replies":[{"embeddable":true,"href":"https:\/\/agora.xtec.cat\/iescamarles\/wp-json\/wp\/v2\/comments?post=6015"}],"version-history":[{"count":2,"href":"https:\/\/agora.xtec.cat\/iescamarles\/wp-json\/wp\/v2\/posts\/6015\/revisions"}],"predecessor-version":[{"id":6018,"href":"https:\/\/agora.xtec.cat\/iescamarles\/wp-json\/wp\/v2\/posts\/6015\/revisions\/6018"}],"wp:attachment":[{"href":"https:\/\/agora.xtec.cat\/iescamarles\/wp-json\/wp\/v2\/media?parent=6015"}],"wp:term":[{"taxonomy":"category","embeddable":true,"href":"https:\/\/agora.xtec.cat\/iescamarles\/wp-json\/wp\/v2\/categories?post=6015"},{"taxonomy":"post_tag","embeddable":true,"href":"https:\/\/agora.xtec.cat\/iescamarles\/wp-json\/wp\/v2\/tags?post=6015"}],"curies":[{"name":"wp","href":"https:\/\/api.w.org\/{rel}","templated":true}]}}