{"id":5995,"date":"2025-01-28T09:26:54","date_gmt":"2025-01-28T08:26:54","guid":{"rendered":"https:\/\/agora.xtec.cat\/iescamarles\/?p=5995"},"modified":"2025-01-28T09:30:25","modified_gmt":"2025-01-28T08:30:25","slug":"modificacio-del-calendari-escolar-per-al-curs-2024-2025","status":"publish","type":"post","link":"https:\/\/agora.xtec.cat\/iescamarles\/portada\/modificacio-del-calendari-escolar-per-al-curs-2024-2025\/","title":{"rendered":"MODIFICACI\u00d3 DEL CALENDARI ESCOLAR PER AL CURS 2024\/2025"},"content":{"rendered":"<p>Des dels Serveis Territorials a les Terres de l&#8217;Ebre del Departament d&#8217;Educaci\u00f3 i Formaci\u00f3 Professional s&#8217;ha autoritzat la modificaci\u00f3 del calendari escolar del centre per al curs 2024\/2025. La modificaci\u00f3 afecta a la programaci\u00f3, per part del centre, dels dies de lliure disposici\u00f3. El dia <strong>17\/03\/2025<\/strong> passa a ser un <strong>dia de lliure disposici\u00f3<\/strong> (el centre romandr\u00e0 tancat), la resta es mant\u00e9 igual.<\/p>\n<p><img loading=\"lazy\" decoding=\"async\" class=\"alignnone size-large wp-image-5996\" src=\"https:\/\/agora.xtec.cat\/iescamarles\/wp-content\/uploads\/usu868\/2025\/01\/Calendari-Curs-2024-2025-724x1024.png\" alt=\"\" width=\"724\" height=\"1024\" srcset=\"https:\/\/agora.xtec.cat\/iescamarles\/wp-content\/uploads\/usu868\/2025\/01\/Calendari-Curs-2024-2025-724x1024.png 724w, https:\/\/agora.xtec.cat\/iescamarles\/wp-content\/uploads\/usu868\/2025\/01\/Calendari-Curs-2024-2025-212x300.png 212w, https:\/\/agora.xtec.cat\/iescamarles\/wp-content\/uploads\/usu868\/2025\/01\/Calendari-Curs-2024-2025-768x1086.png 768w, https:\/\/agora.xtec.cat\/iescamarles\/wp-content\/uploads\/usu868\/2025\/01\/Calendari-Curs-2024-2025-1086x1536.png 1086w, https:\/\/agora.xtec.cat\/iescamarles\/wp-content\/uploads\/usu868\/2025\/01\/Calendari-Curs-2024-2025.png 1414w\" sizes=\"auto, (max-width: 724px) 100vw, 724px\" \/><\/p>\n","protected":false},"excerpt":{"rendered":"<p>Des dels Serveis Territorials a les Terres de l&#8217;Ebre del Departament d&#8217;Educaci\u00f3 i Formaci\u00f3 Professional s&#8217;ha autoritzat la modificaci\u00f3 del calendari escolar del centre per al curs 2024\/2025. La modificaci\u00f3 afecta a la programaci\u00f3, per part del centre, dels dies de lliure disposici\u00f3. El dia&hellip;  <a href=\"https:\/\/agora.xtec.cat\/iescamarles\/portada\/modificacio-del-calendari-escolar-per-al-curs-2024-2025\/\" title=\"Read MODIFICACI\u00d3 DEL CALENDARI ESCOLAR PER AL CURS 2024\/2025\">Llegeix m\u00e9s\u00bb<\/a><\/p>\n","protected":false},"author":250,"featured_media":5959,"comment_status":"closed","ping_status":"closed","sticky":false,"template":"","format":"standard","meta":{"_bbp_topic_count":0,"_bbp_reply_count":0,"_bbp_total_topic_count":0,"_bbp_total_reply_count":0,"_bbp_voice_count":0,"_bbp_anonymous_reply_count":0,"_bbp_topic_count_hidden":0,"_bbp_reply_count_hidden":0,"_bbp_forum_subforum_count":0,"footnotes":""},"categories":[29],"tags":[],"class_list":["post-5995","post","type-post","status-publish","format-standard","has-post-thumbnail","hentry","category-portada"],"post_mailing_queue_ids":[],"_links":{"self":[{"href":"https:\/\/agora.xtec.cat\/iescamarles\/wp-json\/wp\/v2\/posts\/5995","targetHints":{"allow":["GET"]}}],"collection":[{"href":"https:\/\/agora.xtec.cat\/iescamarles\/wp-json\/wp\/v2\/posts"}],"about":[{"href":"https:\/\/agora.xtec.cat\/iescamarles\/wp-json\/wp\/v2\/types\/post"}],"author":[{"embeddable":true,"href":"https:\/\/agora.xtec.cat\/iescamarles\/wp-json\/wp\/v2\/users\/250"}],"replies":[{"embeddable":true,"href":"https:\/\/agora.xtec.cat\/iescamarles\/wp-json\/wp\/v2\/comments?post=5995"}],"version-history":[{"count":2,"href":"https:\/\/agora.xtec.cat\/iescamarles\/wp-json\/wp\/v2\/posts\/5995\/revisions"}],"predecessor-version":[{"id":5998,"href":"https:\/\/agora.xtec.cat\/iescamarles\/wp-json\/wp\/v2\/posts\/5995\/revisions\/5998"}],"wp:featuredmedia":[{"embeddable":true,"href":"https:\/\/agora.xtec.cat\/iescamarles\/wp-json\/wp\/v2\/media\/5959"}],"wp:attachment":[{"href":"https:\/\/agora.xtec.cat\/iescamarles\/wp-json\/wp\/v2\/media?parent=5995"}],"wp:term":[{"taxonomy":"category","embeddable":true,"href":"https:\/\/agora.xtec.cat\/iescamarles\/wp-json\/wp\/v2\/categories?post=5995"},{"taxonomy":"post_tag","embeddable":true,"href":"https:\/\/agora.xtec.cat\/iescamarles\/wp-json\/wp\/v2\/tags?post=5995"}],"curies":[{"name":"wp","href":"https:\/\/api.w.org\/{rel}","templated":true}]}}