{"id":5848,"date":"2024-10-03T09:03:23","date_gmt":"2024-10-03T07:03:23","guid":{"rendered":"https:\/\/agora.xtec.cat\/iescamarles\/?p=5848"},"modified":"2024-10-03T09:05:10","modified_gmt":"2024-10-03T07:05:10","slug":"teatre-maria-rosa-dangel-guimera","status":"publish","type":"post","link":"https:\/\/agora.xtec.cat\/iescamarles\/general\/teatre-maria-rosa-dangel-guimera\/","title":{"rendered":"TEATRE: MARIA ROSA D&#8217;\u00c0NGEL GUIMER\u00c0"},"content":{"rendered":"<p>Des de l&#8217;Institut us animem a participar a l&#8217;activitat que organitza la Biblioteca de l&#8217;Ajuntament de l&#8217;Aldea:<\/p>\n<p>Des de la Biblioteca de l&#8217;Aldea us convidem a commemorar amb nosaltres els\u00a0<b>100 anys de la mort d&#8217;\u00c0ngel Guimer\u00e0 i Jorge. <\/b>Aquest any 2024 se celebra la commemoraci\u00f3 del centenari de la mort d\u2019\u00c0ngel Guimer\u00e0, dramaturg, poeta, catalanista i activista dels drets humans. L\u2019Any Guimer\u00e0 est\u00e0 organitzat pel Departament de Cultura de la Generalitat de Catalunya i l\u2019ajuntament del Vendrell, poblaci\u00f3 que acull la Casa Museu \u00c0ngel Guimer\u00e0. A la Biblioteca Torres de l&#8217;Aldea, gr\u00e0cies al Servei de Biblioteques i la Central de Biblioteques de les Terres de l\u2019Ebre, presentem aquesta acci\u00f3 teatralitzada basada en una de les peces teatrals m\u00e9s celebrades d\u2019\u00c0ngel Guimer\u00e0: <b>Maria Rosa<\/b>. A c\u00e0rrec d\u2019<i><u>Amelie Produccions<\/u><\/i>. El text s\u2019inspira en una hist\u00f2ria real que succe\u00ed a mitjan segle XIX durant la construcci\u00f3 d\u2019una carretera. La companyia ha fet una adaptaci\u00f3 d\u2019aquest drama social i amor\u00f3s.<\/p>\n<div><b>Lloc<\/b>: Biblioteca Torres de l&#8217;Aldea<br \/>\n<b>Dia<\/b>: 10 d&#8217;octubre de 2024<br \/>\n<b>Hora<\/b>: 18:00 h<br \/>\n<b>P\u00fablic<\/b>: a partir de 12 anys.<\/div>\n<div><\/div>\n<div><img loading=\"lazy\" decoding=\"async\" class=\"alignnone size-large wp-image-5849\" src=\"https:\/\/agora.xtec.cat\/iescamarles\/wp-content\/uploads\/usu868\/2024\/10\/10-10_adaptacio-teatral-819x1024.png\" alt=\"\" width=\"819\" height=\"1024\" srcset=\"https:\/\/agora.xtec.cat\/iescamarles\/wp-content\/uploads\/usu868\/2024\/10\/10-10_adaptacio-teatral-819x1024.png 819w, https:\/\/agora.xtec.cat\/iescamarles\/wp-content\/uploads\/usu868\/2024\/10\/10-10_adaptacio-teatral-240x300.png 240w, https:\/\/agora.xtec.cat\/iescamarles\/wp-content\/uploads\/usu868\/2024\/10\/10-10_adaptacio-teatral-768x960.png 768w, https:\/\/agora.xtec.cat\/iescamarles\/wp-content\/uploads\/usu868\/2024\/10\/10-10_adaptacio-teatral.png 1080w\" sizes=\"auto, (max-width: 819px) 100vw, 819px\" \/><\/div>\n","protected":false},"excerpt":{"rendered":"<p>Des de l&#8217;Institut us animem a participar a l&#8217;activitat que organitza la Biblioteca de l&#8217;Ajuntament de l&#8217;Aldea:<br \/>\nDes de la Biblioteca de l&#8217;Aldea us convidem a commemorar amb nosaltres els\u00a0100 anys de la mort d&#8217;\u00c0ngel Guimer\u00e0 i Jorge. Aquest any 2024 se celebra la commemoraci\u00f3 del&hellip;  <a href=\"https:\/\/agora.xtec.cat\/iescamarles\/general\/teatre-maria-rosa-dangel-guimera\/\" title=\"Read TEATRE: MARIA ROSA D&#8217;\u00c0NGEL GUIMER\u00c0\">Llegeix m\u00e9s\u00bb<\/a><\/p>\n","protected":false},"author":250,"featured_media":5849,"comment_status":"closed","ping_status":"closed","sticky":false,"template":"","format":"standard","meta":{"_bbp_topic_count":0,"_bbp_reply_count":0,"_bbp_total_topic_count":0,"_bbp_total_reply_count":0,"_bbp_voice_count":0,"_bbp_anonymous_reply_count":0,"_bbp_topic_count_hidden":0,"_bbp_reply_count_hidden":0,"_bbp_forum_subforum_count":0,"footnotes":""},"categories":[1,29],"tags":[],"class_list":["post-5848","post","type-post","status-publish","format-standard","has-post-thumbnail","hentry","category-general","category-portada"],"post_mailing_queue_ids":[],"_links":{"self":[{"href":"https:\/\/agora.xtec.cat\/iescamarles\/wp-json\/wp\/v2\/posts\/5848","targetHints":{"allow":["GET"]}}],"collection":[{"href":"https:\/\/agora.xtec.cat\/iescamarles\/wp-json\/wp\/v2\/posts"}],"about":[{"href":"https:\/\/agora.xtec.cat\/iescamarles\/wp-json\/wp\/v2\/types\/post"}],"author":[{"embeddable":true,"href":"https:\/\/agora.xtec.cat\/iescamarles\/wp-json\/wp\/v2\/users\/250"}],"replies":[{"embeddable":true,"href":"https:\/\/agora.xtec.cat\/iescamarles\/wp-json\/wp\/v2\/comments?post=5848"}],"version-history":[{"count":2,"href":"https:\/\/agora.xtec.cat\/iescamarles\/wp-json\/wp\/v2\/posts\/5848\/revisions"}],"predecessor-version":[{"id":5851,"href":"https:\/\/agora.xtec.cat\/iescamarles\/wp-json\/wp\/v2\/posts\/5848\/revisions\/5851"}],"wp:featuredmedia":[{"embeddable":true,"href":"https:\/\/agora.xtec.cat\/iescamarles\/wp-json\/wp\/v2\/media\/5849"}],"wp:attachment":[{"href":"https:\/\/agora.xtec.cat\/iescamarles\/wp-json\/wp\/v2\/media?parent=5848"}],"wp:term":[{"taxonomy":"category","embeddable":true,"href":"https:\/\/agora.xtec.cat\/iescamarles\/wp-json\/wp\/v2\/categories?post=5848"},{"taxonomy":"post_tag","embeddable":true,"href":"https:\/\/agora.xtec.cat\/iescamarles\/wp-json\/wp\/v2\/tags?post=5848"}],"curies":[{"name":"wp","href":"https:\/\/api.w.org\/{rel}","templated":true}]}}