{"id":5726,"date":"2024-05-13T11:30:48","date_gmt":"2024-05-13T09:30:48","guid":{"rendered":"https:\/\/agora.xtec.cat\/iescamarles\/?p=5726"},"modified":"2024-05-13T11:31:10","modified_gmt":"2024-05-13T09:31:10","slug":"canvi-de-dia-de-llire-disposicio","status":"publish","type":"post","link":"https:\/\/agora.xtec.cat\/iescamarles\/portada\/canvi-de-dia-de-llire-disposicio\/","title":{"rendered":"CANVI DE DIA DE LLIURE DISPOSICI\u00d3"},"content":{"rendered":"<p>Us informem que, degut a que el dia 20\/05\/2024 \u00e9s festa local al municipi de Camarles, s&#8217;ha sol\u00b7licitat un canvi al calendari de centre i els Serveis Teritorials a les Terres de l&#8217;Ebre ens han autoritzat a que el dia 31\/05\/2024 sigui dia de llire disposici\u00f3.<\/p>\n<p>Per tant aquest dia ser\u00e0 festiu, aix\u00ed com el dia 03\/06\/2024 que tamb\u00e9 \u00e9s dia de lliure disposici\u00f3.<\/p>\n","protected":false},"excerpt":{"rendered":"<p>Us informem que, degut a que el dia 20\/05\/2024 \u00e9s festa local al municipi de Camarles, s&#8217;ha sol\u00b7licitat un canvi al calendari de centre i els Serveis Teritorials a les Terres de l&#8217;Ebre ens han autoritzat a que el dia 31\/05\/2024 sigui dia de llire&hellip;  <a href=\"https:\/\/agora.xtec.cat\/iescamarles\/portada\/canvi-de-dia-de-llire-disposicio\/\" title=\"Read CANVI DE DIA DE LLIURE DISPOSICI\u00d3\">Llegeix m\u00e9s\u00bb<\/a><\/p>\n","protected":false},"author":250,"featured_media":5727,"comment_status":"closed","ping_status":"closed","sticky":false,"template":"","format":"standard","meta":{"_bbp_topic_count":0,"_bbp_reply_count":0,"_bbp_total_topic_count":0,"_bbp_total_reply_count":0,"_bbp_voice_count":0,"_bbp_anonymous_reply_count":0,"_bbp_topic_count_hidden":0,"_bbp_reply_count_hidden":0,"_bbp_forum_subforum_count":0,"footnotes":""},"categories":[153,29],"tags":[],"class_list":["post-5726","post","type-post","status-publish","format-standard","has-post-thumbnail","hentry","category-families","category-portada"],"post_mailing_queue_ids":[],"_links":{"self":[{"href":"https:\/\/agora.xtec.cat\/iescamarles\/wp-json\/wp\/v2\/posts\/5726","targetHints":{"allow":["GET"]}}],"collection":[{"href":"https:\/\/agora.xtec.cat\/iescamarles\/wp-json\/wp\/v2\/posts"}],"about":[{"href":"https:\/\/agora.xtec.cat\/iescamarles\/wp-json\/wp\/v2\/types\/post"}],"author":[{"embeddable":true,"href":"https:\/\/agora.xtec.cat\/iescamarles\/wp-json\/wp\/v2\/users\/250"}],"replies":[{"embeddable":true,"href":"https:\/\/agora.xtec.cat\/iescamarles\/wp-json\/wp\/v2\/comments?post=5726"}],"version-history":[{"count":2,"href":"https:\/\/agora.xtec.cat\/iescamarles\/wp-json\/wp\/v2\/posts\/5726\/revisions"}],"predecessor-version":[{"id":5729,"href":"https:\/\/agora.xtec.cat\/iescamarles\/wp-json\/wp\/v2\/posts\/5726\/revisions\/5729"}],"wp:featuredmedia":[{"embeddable":true,"href":"https:\/\/agora.xtec.cat\/iescamarles\/wp-json\/wp\/v2\/media\/5727"}],"wp:attachment":[{"href":"https:\/\/agora.xtec.cat\/iescamarles\/wp-json\/wp\/v2\/media?parent=5726"}],"wp:term":[{"taxonomy":"category","embeddable":true,"href":"https:\/\/agora.xtec.cat\/iescamarles\/wp-json\/wp\/v2\/categories?post=5726"},{"taxonomy":"post_tag","embeddable":true,"href":"https:\/\/agora.xtec.cat\/iescamarles\/wp-json\/wp\/v2\/tags?post=5726"}],"curies":[{"name":"wp","href":"https:\/\/api.w.org\/{rel}","templated":true}]}}