{"id":5678,"date":"2024-04-04T09:31:39","date_gmt":"2024-04-04T07:31:39","guid":{"rendered":"https:\/\/agora.xtec.cat\/iescamarles\/?p=5678"},"modified":"2024-04-04T09:31:39","modified_gmt":"2024-04-04T07:31:39","slug":"concurs-literari-de-sant-jordi-2024","status":"publish","type":"post","link":"https:\/\/agora.xtec.cat\/iescamarles\/portada\/concurs-literari-de-sant-jordi-2024\/","title":{"rendered":"CONCURS LITERARI DE SANT JORDI 2024"},"content":{"rendered":"<p>Els Departaments de Llengues i Lleng\u00fces estrangeres de l&#8217;Institut de Camarles convoquen el Concurs literari de Sant Jordi de 2024 amb la finalitat de promoure l&#8217;\u00fas literari del catal\u00e0, el castell\u00e0 i de l&#8217;angl\u00e8s. La data l\u00edmit de llirament ser\u00e0 el 8 d&#8217;abril.<\/p>\n<p><strong>Consulteu les bases del concurs<\/strong><\/p>\n<p><a href=\"https:\/\/agora.xtec.cat\/iescamarles\/wp-content\/uploads\/usu868\/2024\/04\/Bases-Concurs-sant-Jordi-24-2.pdf\">Bases Concurs sant Jordi 24-2<\/a><\/p>\n<p><img loading=\"lazy\" decoding=\"async\" class=\"alignnone size-large wp-image-5680\" src=\"https:\/\/agora.xtec.cat\/iescamarles\/wp-content\/uploads\/usu868\/2024\/04\/Cartell_santJordi24-724x1024.jpg\" alt=\"\" width=\"724\" height=\"1024\" srcset=\"https:\/\/agora.xtec.cat\/iescamarles\/wp-content\/uploads\/usu868\/2024\/04\/Cartell_santJordi24-724x1024.jpg 724w, https:\/\/agora.xtec.cat\/iescamarles\/wp-content\/uploads\/usu868\/2024\/04\/Cartell_santJordi24-212x300.jpg 212w, https:\/\/agora.xtec.cat\/iescamarles\/wp-content\/uploads\/usu868\/2024\/04\/Cartell_santJordi24-768x1086.jpg 768w, https:\/\/agora.xtec.cat\/iescamarles\/wp-content\/uploads\/usu868\/2024\/04\/Cartell_santJordi24-1086x1536.jpg 1086w, https:\/\/agora.xtec.cat\/iescamarles\/wp-content\/uploads\/usu868\/2024\/04\/Cartell_santJordi24-1448x2048.jpg 1448w, https:\/\/agora.xtec.cat\/iescamarles\/wp-content\/uploads\/usu868\/2024\/04\/Cartell_santJordi24-scaled.jpg 1811w\" sizes=\"auto, (max-width: 724px) 100vw, 724px\" \/><\/p>\n","protected":false},"excerpt":{"rendered":"<p>Els Departaments de Llengues i Lleng\u00fces estrangeres de l&#8217;Institut de Camarles convoquen el Concurs literari de Sant Jordi de 2024 amb la finalitat de promoure l&#8217;\u00fas literari del catal\u00e0, el castell\u00e0 i de l&#8217;angl\u00e8s. La data l\u00edmit de llirament ser\u00e0 el 8 d&#8217;abril.<br \/>\nConsulteu les bases&hellip;  <a href=\"https:\/\/agora.xtec.cat\/iescamarles\/portada\/concurs-literari-de-sant-jordi-2024\/\" title=\"Read CONCURS LITERARI DE SANT JORDI 2024\">Llegeix m\u00e9s\u00bb<\/a><\/p>\n","protected":false},"author":250,"featured_media":5680,"comment_status":"closed","ping_status":"closed","sticky":false,"template":"","format":"standard","meta":{"_bbp_topic_count":0,"_bbp_reply_count":0,"_bbp_total_topic_count":0,"_bbp_total_reply_count":0,"_bbp_voice_count":0,"_bbp_anonymous_reply_count":0,"_bbp_topic_count_hidden":0,"_bbp_reply_count_hidden":0,"_bbp_forum_subforum_count":0,"footnotes":""},"categories":[29],"tags":[],"class_list":["post-5678","post","type-post","status-publish","format-standard","has-post-thumbnail","hentry","category-portada"],"post_mailing_queue_ids":[],"_links":{"self":[{"href":"https:\/\/agora.xtec.cat\/iescamarles\/wp-json\/wp\/v2\/posts\/5678","targetHints":{"allow":["GET"]}}],"collection":[{"href":"https:\/\/agora.xtec.cat\/iescamarles\/wp-json\/wp\/v2\/posts"}],"about":[{"href":"https:\/\/agora.xtec.cat\/iescamarles\/wp-json\/wp\/v2\/types\/post"}],"author":[{"embeddable":true,"href":"https:\/\/agora.xtec.cat\/iescamarles\/wp-json\/wp\/v2\/users\/250"}],"replies":[{"embeddable":true,"href":"https:\/\/agora.xtec.cat\/iescamarles\/wp-json\/wp\/v2\/comments?post=5678"}],"version-history":[{"count":1,"href":"https:\/\/agora.xtec.cat\/iescamarles\/wp-json\/wp\/v2\/posts\/5678\/revisions"}],"predecessor-version":[{"id":5681,"href":"https:\/\/agora.xtec.cat\/iescamarles\/wp-json\/wp\/v2\/posts\/5678\/revisions\/5681"}],"wp:featuredmedia":[{"embeddable":true,"href":"https:\/\/agora.xtec.cat\/iescamarles\/wp-json\/wp\/v2\/media\/5680"}],"wp:attachment":[{"href":"https:\/\/agora.xtec.cat\/iescamarles\/wp-json\/wp\/v2\/media?parent=5678"}],"wp:term":[{"taxonomy":"category","embeddable":true,"href":"https:\/\/agora.xtec.cat\/iescamarles\/wp-json\/wp\/v2\/categories?post=5678"},{"taxonomy":"post_tag","embeddable":true,"href":"https:\/\/agora.xtec.cat\/iescamarles\/wp-json\/wp\/v2\/tags?post=5678"}],"curies":[{"name":"wp","href":"https:\/\/api.w.org\/{rel}","templated":true}]}}