{"id":5583,"date":"2023-12-12T09:17:55","date_gmt":"2023-12-12T08:17:55","guid":{"rendered":"https:\/\/agora.xtec.cat\/iescamarles\/?p=5583"},"modified":"2023-12-12T09:17:55","modified_gmt":"2023-12-12T08:17:55","slug":"departament-de-ciencies-de-la-naturalesa-mostra-practiques","status":"publish","type":"post","link":"https:\/\/agora.xtec.cat\/iescamarles\/portada\/departament-de-ciencies-de-la-naturalesa-mostra-practiques\/","title":{"rendered":"DEPARTAMENT DE CI\u00c8NCIES DE LA NATURALESA: MOSTRA PR\u00c0CTIQUES"},"content":{"rendered":"<p><span style=\"font-weight: 400;\">Una petita mostra de pr\u00e0ctiques de qu\u00edmica, a 2n ESO, i un agra\u00efment als\/les alumnes.<\/span><\/p>\n<p><span style=\"font-weight: 400;\">El departament de Ci\u00e8ncies de la Naturalesa, a 1r, 2n i 3r d\u2019ESO (Biologia i Geologia i F\u00edsica i Qu\u00edmica), dedica, setmanalment, l\u2019hora de desdoblament del grup-classe a fer activitats per a qu\u00e8 l\u2019alumnat aprengui, reforci i\/o consolidi continguts a partir de situacions d\u2019aprenentatge i pr\u00e0ctiques de laboratori. A les assignatures optatives de ci\u00e8ncies a 4t d\u2019ESO i de modalitat al Batxillerat, es continua completant els aprenentatges amb l\u2019experimentaci\u00f3 al laboratori.<\/span><\/p>\n<div style=\"width: 1080px;\" class=\"wp-video\"><!--[if lt IE 9]><script>document.createElement('video');<\/script><![endif]-->\n<video class=\"wp-video-shortcode\" id=\"video-5583-1\" width=\"1080\" height=\"1080\" preload=\"metadata\" controls=\"controls\"><source type=\"video\/mp4\" src=\"https:\/\/agora.xtec.cat\/iescamarles\/wp-content\/uploads\/usu868\/2023\/12\/2nESO_LAB_1rT.mp4?_=1\" \/><a href=\"https:\/\/agora.xtec.cat\/iescamarles\/wp-content\/uploads\/usu868\/2023\/12\/2nESO_LAB_1rT.mp4\">https:\/\/agora.xtec.cat\/iescamarles\/wp-content\/uploads\/usu868\/2023\/12\/2nESO_LAB_1rT.mp4<\/a><\/video><\/div>\n","protected":false},"excerpt":{"rendered":"<p>Una petita mostra de pr\u00e0ctiques de qu\u00edmica, a 2n ESO, i un agra\u00efment als\/les alumnes.<br \/>\nEl departament de Ci\u00e8ncies de la Naturalesa, a 1r, 2n i 3r d\u2019ESO (Biologia i Geologia i F\u00edsica i Qu\u00edmica), dedica, setmanalment, l\u2019hora de desdoblament del grup-classe a fer activitats per&hellip;  <a href=\"https:\/\/agora.xtec.cat\/iescamarles\/portada\/departament-de-ciencies-de-la-naturalesa-mostra-practiques\/\" title=\"Read DEPARTAMENT DE CI\u00c8NCIES DE LA NATURALESA: MOSTRA PR\u00c0CTIQUES\">Llegeix m\u00e9s\u00bb<\/a><\/p>\n","protected":false},"author":250,"featured_media":0,"comment_status":"closed","ping_status":"closed","sticky":false,"template":"","format":"standard","meta":{"_bbp_topic_count":0,"_bbp_reply_count":0,"_bbp_total_topic_count":0,"_bbp_total_reply_count":0,"_bbp_voice_count":0,"_bbp_anonymous_reply_count":0,"_bbp_topic_count_hidden":0,"_bbp_reply_count_hidden":0,"_bbp_forum_subforum_count":0,"footnotes":""},"categories":[29],"tags":[],"class_list":["post-5583","post","type-post","status-publish","format-standard","hentry","category-portada"],"post_mailing_queue_ids":[],"_links":{"self":[{"href":"https:\/\/agora.xtec.cat\/iescamarles\/wp-json\/wp\/v2\/posts\/5583","targetHints":{"allow":["GET"]}}],"collection":[{"href":"https:\/\/agora.xtec.cat\/iescamarles\/wp-json\/wp\/v2\/posts"}],"about":[{"href":"https:\/\/agora.xtec.cat\/iescamarles\/wp-json\/wp\/v2\/types\/post"}],"author":[{"embeddable":true,"href":"https:\/\/agora.xtec.cat\/iescamarles\/wp-json\/wp\/v2\/users\/250"}],"replies":[{"embeddable":true,"href":"https:\/\/agora.xtec.cat\/iescamarles\/wp-json\/wp\/v2\/comments?post=5583"}],"version-history":[{"count":1,"href":"https:\/\/agora.xtec.cat\/iescamarles\/wp-json\/wp\/v2\/posts\/5583\/revisions"}],"predecessor-version":[{"id":5585,"href":"https:\/\/agora.xtec.cat\/iescamarles\/wp-json\/wp\/v2\/posts\/5583\/revisions\/5585"}],"wp:attachment":[{"href":"https:\/\/agora.xtec.cat\/iescamarles\/wp-json\/wp\/v2\/media?parent=5583"}],"wp:term":[{"taxonomy":"category","embeddable":true,"href":"https:\/\/agora.xtec.cat\/iescamarles\/wp-json\/wp\/v2\/categories?post=5583"},{"taxonomy":"post_tag","embeddable":true,"href":"https:\/\/agora.xtec.cat\/iescamarles\/wp-json\/wp\/v2\/tags?post=5583"}],"curies":[{"name":"wp","href":"https:\/\/api.w.org\/{rel}","templated":true}]}}