{"id":5581,"date":"2023-12-04T11:26:11","date_gmt":"2023-12-04T10:26:11","guid":{"rendered":"https:\/\/agora.xtec.cat\/iescamarles\/?p=5581"},"modified":"2024-01-12T19:24:50","modified_gmt":"2024-01-12T18:24:50","slug":"mobilitat-eramus-republica-txeca-i-fi-de-projecte-bridge-the-gap","status":"publish","type":"post","link":"https:\/\/agora.xtec.cat\/iescamarles\/portada\/mobilitat-eramus-republica-txeca-i-fi-de-projecte-bridge-the-gap\/","title":{"rendered":"MOBILITAT ERAMUS+ REP\u00daBLICA TXECA I FI DE PROJECTE BRIDGE THE GAP"},"content":{"rendered":"<p><span style=\"font-weight: 400;\">Durant la setmana del 25 al 30 de noviembre 6 alumnes de 4t d\u2019ESO i dues professores han participat en la mobilitat a la Rep\u00fablica Txeca, concretament a Ivancice al Gymnasium Jana Blahoslava,\u00a0 dins del projecte Erasmus+ KA221 BRIDGE the Gap.\u00a0 Aquesta ha estat l\u2019\u00faltima mobilitat del projecte i ha estat basada en la salut mental . Els alumnes van comparar resultats d\u2019unes enquestes passades als alumnes del nostre institut i les dels altres pa\u00efsos sobre malalties referents a trastorns del son, alimentaris i depresions. Aquests resultats van ser exposats juntament amb els alumnes dels altres pa\u00efsos que participen al projecte: Alemanya, It\u00e0lia, Gr\u00e8cia i Rep\u00fablica Txeca. Tamb\u00e9 es va fer un timeline amb les dates m\u00e9s importants referents al tema. Al mateix temps es va fer un llibre de consells\u00a0 i tallers de m\u00fasica, ioga, dibuix i xerrades amb una psic\u00f2loga. Aquestes activitats van ser complimentades amb la visita a les ciutats de Brno i Praga. (<a href=\"https:\/\/sites.google.com\/inscamarles.cat\/fotos-ins-camarles\/inici\/curs-23-24\/erasmus-rep%C3%BAblica-txeca\" target=\"_blank\" rel=\"noopener\">* Fotos<\/a>)<br \/>\n<\/span><\/p>\n<p><span style=\"font-weight: 400;\">S\u2019ha arribat al final de projecte i ara nom\u00e9s falten fer els productes finals entre tots per tal de poder fer el nostre projecte sostenible i extensiu a la resta de la comunitat educativa.\u00a0<\/span><\/p>\n<p><span style=\"font-weight: 400;\">Amb aquest projecte hem pogut iniciar lligams amb altres instituts de la resta d\u2019Europa i aix\u00ed poder continuar col.laborant amb ells amb altres projectes Erasmus+.\u00a0<\/span><\/p>\n<p><span style=\"font-weight: 400;\">Amb Erasmus+ fem possible la internacionalitzaci\u00f3 del nostre centre i potenciem l\u2019aprenentatge de les lleng\u00fces estrangeres, aix\u00ed com fomentem els valors de la multiculturalitat, inclusi\u00f3 i respecte entre\u00a0 les noves generacions d\u2019estudiants.\u00a0<\/span><\/p>\n<p><span style=\"font-weight: 400;\">Continuarem treballant i fent projectes Erasmus+ gr\u00e0cies a que som centre acreditat des del curs passat fins l\u2019any 2027, fet que ens permet demanar diferents projectes cada curs\u00a0 de diversa \u00edndole: mobilitats de llarga durada, de curta durada , jobshawing per als professors i formaci\u00f3 amb experts.<\/span><\/p>\n<p><sup>* Contingut restringit<\/sup><\/p>\n","protected":false},"excerpt":{"rendered":"<p>Durant la setmana del 25 al 30 de noviembre 6 alumnes de 4t d\u2019ESO i dues professores han participat en la mobilitat a la Rep\u00fablica Txeca, concretament a Ivancice al Gymnasium Jana Blahoslava,\u00a0 dins del projecte Erasmus+ KA221 BRIDGE the Gap.\u00a0 Aquesta ha estat l\u2019\u00faltima&hellip;  <a href=\"https:\/\/agora.xtec.cat\/iescamarles\/portada\/mobilitat-eramus-republica-txeca-i-fi-de-projecte-bridge-the-gap\/\" title=\"Read MOBILITAT ERAMUS+ REP\u00daBLICA TXECA I FI DE PROJECTE BRIDGE THE GAP\">Llegeix m\u00e9s\u00bb<\/a><\/p>\n","protected":false},"author":250,"featured_media":0,"comment_status":"closed","ping_status":"closed","sticky":false,"template":"","format":"standard","meta":{"_bbp_topic_count":0,"_bbp_reply_count":0,"_bbp_total_topic_count":0,"_bbp_total_reply_count":0,"_bbp_voice_count":0,"_bbp_anonymous_reply_count":0,"_bbp_topic_count_hidden":0,"_bbp_reply_count_hidden":0,"_bbp_forum_subforum_count":0,"footnotes":""},"categories":[29,173],"tags":[],"class_list":["post-5581","post","type-post","status-publish","format-standard","hentry","category-portada","category-projecte-erasmus"],"post_mailing_queue_ids":[],"_links":{"self":[{"href":"https:\/\/agora.xtec.cat\/iescamarles\/wp-json\/wp\/v2\/posts\/5581","targetHints":{"allow":["GET"]}}],"collection":[{"href":"https:\/\/agora.xtec.cat\/iescamarles\/wp-json\/wp\/v2\/posts"}],"about":[{"href":"https:\/\/agora.xtec.cat\/iescamarles\/wp-json\/wp\/v2\/types\/post"}],"author":[{"embeddable":true,"href":"https:\/\/agora.xtec.cat\/iescamarles\/wp-json\/wp\/v2\/users\/250"}],"replies":[{"embeddable":true,"href":"https:\/\/agora.xtec.cat\/iescamarles\/wp-json\/wp\/v2\/comments?post=5581"}],"version-history":[{"count":5,"href":"https:\/\/agora.xtec.cat\/iescamarles\/wp-json\/wp\/v2\/posts\/5581\/revisions"}],"predecessor-version":[{"id":5594,"href":"https:\/\/agora.xtec.cat\/iescamarles\/wp-json\/wp\/v2\/posts\/5581\/revisions\/5594"}],"wp:attachment":[{"href":"https:\/\/agora.xtec.cat\/iescamarles\/wp-json\/wp\/v2\/media?parent=5581"}],"wp:term":[{"taxonomy":"category","embeddable":true,"href":"https:\/\/agora.xtec.cat\/iescamarles\/wp-json\/wp\/v2\/categories?post=5581"},{"taxonomy":"post_tag","embeddable":true,"href":"https:\/\/agora.xtec.cat\/iescamarles\/wp-json\/wp\/v2\/tags?post=5581"}],"curies":[{"name":"wp","href":"https:\/\/api.w.org\/{rel}","templated":true}]}}