{"id":5536,"date":"2023-10-30T09:18:47","date_gmt":"2023-10-30T08:18:47","guid":{"rendered":"https:\/\/agora.xtec.cat\/iescamarles\/?p=5536"},"modified":"2023-11-09T10:14:51","modified_gmt":"2023-11-09T09:14:51","slug":"a-laula-dacollida-treballem-la-castanyada","status":"publish","type":"post","link":"https:\/\/agora.xtec.cat\/iescamarles\/portada\/a-laula-dacollida-treballem-la-castanyada\/","title":{"rendered":"A L&#8217;AULA D&#8217;ACOLLIDA TREBALLEM LA CASTANYADA"},"content":{"rendered":"<p><span style=\"font-weight: 400\">Aquesta setmana, a l&#8217;aula d&#8217;acollida, hem estat treballant la festa de la Castanyada. \u00c9s molt important donar l&#8217;oportunitat de con\u00e8ixer les tradicions de Catalunya a l&#8217;alumnat nouvingut per donar-los l&#8217;oportunitat d&#8217;integrar-se i entendre els costums. Han apr\u00e8s la llengua i particularitats del folklore catal\u00e0 alhora, com tamb\u00e9 els menjars m\u00e9s t\u00edpics de la tardor.<\/span><\/p>\n<p><span style=\"font-weight: 400\">Tamb\u00e9 hem parlat dels panellets, les postres m\u00e9s t\u00edpiques de la nostra terra, i hem estudiat la recepta i tot all\u00f2 que ens cal per preparar-los, ja que en farem a l&#8217;institut el dimarts 31 d&#8217;octubre, el dia de la Castanyada.<\/span><\/p>\n","protected":false},"excerpt":{"rendered":"<p>Aquesta setmana, a l&#8217;aula d&#8217;acollida, hem estat treballant la festa de la Castanyada. \u00c9s molt important donar l&#8217;oportunitat de con\u00e8ixer les tradicions de Catalunya a l&#8217;alumnat nouvingut per donar-los l&#8217;oportunitat d&#8217;integrar-se i entendre els costums. Han apr\u00e8s la llengua i particularitats del folklore catal\u00e0 alhora,&hellip;  <a href=\"https:\/\/agora.xtec.cat\/iescamarles\/portada\/a-laula-dacollida-treballem-la-castanyada\/\" title=\"Read A L&#8217;AULA D&#8217;ACOLLIDA TREBALLEM LA CASTANYADA\">Llegeix m\u00e9s\u00bb<\/a><\/p>\n","protected":false},"author":250,"featured_media":5539,"comment_status":"closed","ping_status":"closed","sticky":false,"template":"","format":"standard","meta":{"_bbp_topic_count":0,"_bbp_reply_count":0,"_bbp_total_topic_count":0,"_bbp_total_reply_count":0,"_bbp_voice_count":0,"_bbp_anonymous_reply_count":0,"_bbp_topic_count_hidden":0,"_bbp_reply_count_hidden":0,"_bbp_forum_subforum_count":0,"footnotes":""},"categories":[29],"tags":[],"class_list":["post-5536","post","type-post","status-publish","format-standard","has-post-thumbnail","hentry","category-portada"],"post_mailing_queue_ids":[],"_links":{"self":[{"href":"https:\/\/agora.xtec.cat\/iescamarles\/wp-json\/wp\/v2\/posts\/5536","targetHints":{"allow":["GET"]}}],"collection":[{"href":"https:\/\/agora.xtec.cat\/iescamarles\/wp-json\/wp\/v2\/posts"}],"about":[{"href":"https:\/\/agora.xtec.cat\/iescamarles\/wp-json\/wp\/v2\/types\/post"}],"author":[{"embeddable":true,"href":"https:\/\/agora.xtec.cat\/iescamarles\/wp-json\/wp\/v2\/users\/250"}],"replies":[{"embeddable":true,"href":"https:\/\/agora.xtec.cat\/iescamarles\/wp-json\/wp\/v2\/comments?post=5536"}],"version-history":[{"count":1,"href":"https:\/\/agora.xtec.cat\/iescamarles\/wp-json\/wp\/v2\/posts\/5536\/revisions"}],"predecessor-version":[{"id":5538,"href":"https:\/\/agora.xtec.cat\/iescamarles\/wp-json\/wp\/v2\/posts\/5536\/revisions\/5538"}],"wp:featuredmedia":[{"embeddable":true,"href":"https:\/\/agora.xtec.cat\/iescamarles\/wp-json\/wp\/v2\/media\/5539"}],"wp:attachment":[{"href":"https:\/\/agora.xtec.cat\/iescamarles\/wp-json\/wp\/v2\/media?parent=5536"}],"wp:term":[{"taxonomy":"category","embeddable":true,"href":"https:\/\/agora.xtec.cat\/iescamarles\/wp-json\/wp\/v2\/categories?post=5536"},{"taxonomy":"post_tag","embeddable":true,"href":"https:\/\/agora.xtec.cat\/iescamarles\/wp-json\/wp\/v2\/tags?post=5536"}],"curies":[{"name":"wp","href":"https:\/\/api.w.org\/{rel}","templated":true}]}}