{"id":5493,"date":"2023-10-07T10:51:06","date_gmt":"2023-10-07T08:51:06","guid":{"rendered":"https:\/\/agora.xtec.cat\/iescamarles\/?p=5493"},"modified":"2023-11-09T10:16:40","modified_gmt":"2023-11-09T09:16:40","slug":"erasmus-b-r-i-d-ge-the-gap-al-nostre-centre","status":"publish","type":"post","link":"https:\/\/agora.xtec.cat\/iescamarles\/general\/erasmus-b-r-i-d-ge-the-gap-al-nostre-centre\/","title":{"rendered":"ERASMUS+ B.R.I.D.GE THE GAP, AL NOSTRE CENTRE"},"content":{"rendered":"<p><span style=\"font-weight: 400;\">De l\u20191 al 6 d\u2019octubre, el nostre Institut, va acollir alumnes i professors integrants del projecte Erasmus+ KA122 B.R.I.D.GE the Gap del qual formem part des del curs passat. Els pa\u00efsos que ens van visitar s\u00f3n Alemanya, Gr\u00e8cia, It\u00e0lia i Rep\u00fablica Txeca. Les sigles del nom del projecte volen dir \u201cBuilding Respectful Inclusive Dauntless Generations\u201d \u00e9s a dir Construint generacions respectuoses inclusives i decisives. The Gap \u00e9s el buit que hem d\u2019emplenar construint ponts entre les noves generacions i les velles, entre els joves i els nous reptes als quals s\u2019enfronten i que sense els valors necessaris no podran aconseguir. Per tant, per aix\u00f2, al nostre projecte s\u2019ha tractat els temes de la diversitat de g\u00e8nere, immigraci\u00f3 i racisme, qualitat d\u2019educaci\u00f3 i ara bullying. A l\u2019institut durant tota la setmana s\u2019han dut a terme tallers per tal d\u2019aprofundir en el bullying i aportar noves maneres d\u2019afrontar entre tots aquest problema present en la societat d\u2019avui en dia,\u00a0 i\u00a0 agreujat sobretot,\u00a0 pel cyberbullying. Es va convidar una experta en bullying, Ioana Gkika, de l\u2019associaci\u00f3 The Smile of a Child de Gr\u00e8cia i va fer tallers tant per als alumnes de 3r, 4t i 1r de BAT com per als professorss. Tamb\u00e9 vam contractar la companyia de teatre Artixoc que tamb\u00e9 van fer tallers per als alumnes escenificant diverses situacions on el bullying estava present. A m\u00e9s a m\u00e9s,\u00a0 vam oferir un taller de Mindfulness, de samarretes, d\u2019 hist\u00f2ries curtes de casos reals de gent normal i de famosos i vam gravar un rap i videoclip fet pels alumnes.\u00a0<\/span><\/p>\n<p><span style=\"font-weight: 400;\">El treball a l\u2019institut el vam complementar amb la visita a M\u00f3n Natura i delta i un dia\u00a0 a Tarraco.<\/span><\/p>\n<p><span style=\"font-weight: 400;\">El dijous vam presentar els resultats finals i es va fer l\u2019entrega de diplomes,\u00a0 amb la pres\u00e8ncia de la regidora d\u2019ensenyament de Camarles, Laia Bertomeu, i es va obsequiar a tots amb uns detalls gr\u00e0cies a la col.laboraci\u00f3 dels tres ajuntaments adscrits al nostre centre: Camarles, l\u2019Ampolla i l\u2019Aldea.\u00a0<\/span><\/p>\n<p><span style=\"font-weight: 400;\">Al vespre vam fer la festa de comiat als nostres convidats al centre c\u00edvic de l\u2019Ampolla on totes les fam\u00edlies que van acollir van preparar menjar i beure per a tots.\u00a0<\/span><\/p>\n<p><span style=\"font-weight: 400;\">Tots van marxar divendres molt contents i agra\u00efts per la nostra organitzaci\u00f3, hospitalitzaci\u00f3 i generositat.\u00a0<\/span><\/p>\n<p><span style=\"font-weight: 400;\">Nom\u00e9s ens queda agrair a tots la vostra col.laboraci\u00f3. En primer lloc, a les fam\u00edlies que vau acollir als alumnes estrangers, ja que sense vosaltres no seria res de tot aix\u00f2 possible. En segon lloc, als tres ajuntaments pels regals,informaci\u00f3 i cessi\u00f3 d\u2019espais. I en tercer lloc, al Consell Comarcal per col.laborar portant als alumnes estrangers de forma gratuita a l\u2019institut amb els autobusos que transporten als alumnes del nostre centre.\u00a0<\/span><\/p>\n<p><span style=\"font-weight: 400;\">Ara la pr\u00f2xima i \u00faltima estada ser\u00e0 a la Rep\u00fablica Txeca on anirem amb alumnes de 4t d\u2019ESO del nostre centre i\u00a0 on es tractar\u00e0 el tema de la Salut Mental.<\/span><\/p>\n<p><span style=\"font-weight: 400;\">Aquest any acabarem aquest projecte per\u00f2 com a centre acreditat ja hem iniciat els propers projectes d\u2019estades d\u2019alumnes de llarga durada, on alguns dels nostres alumnes estaran en un centre estranger durant un mes i nosaltres rebrem alumnes de fora tamb\u00e9, un expert en projectes visitar\u00e0 el nostre centre el mes de desembre i jobshadowing,formaci\u00f3 del nostre professorat en diversos temes com STEM, projectes, digitalitzaci\u00f3\u2026\u00a0<\/span><\/p>\n<p><span style=\"font-weight: 400;\">Esperem encoratjar als nostres alumnes a participar en aquests projectes per tal de fomentar la internacionalitzaci\u00f3 del nostre centre i dotar-los de les eines necess\u00e0ries per afrontar els reptes de seu futur.\u00a0<\/span><\/p>\n<p><a href=\"https:\/\/drive.google.com\/file\/d\/14zhuHS855fd-zhHyGassDwG001KG-KDy\/view?usp=sharing\">Aqu\u00ed<\/a> podeu veure un petit resum!!!<\/p>\n<p><img loading=\"lazy\" decoding=\"async\" class=\"alignnone size-large wp-image-5494\" src=\"https:\/\/agora.xtec.cat\/iescamarles\/wp-content\/uploads\/usu868\/2023\/10\/Erasmus-BRIDGE-logo-png-1024x730.png\" alt=\"\" width=\"1024\" height=\"730\" srcset=\"https:\/\/agora.xtec.cat\/iescamarles\/wp-content\/uploads\/usu868\/2023\/10\/Erasmus-BRIDGE-logo-png-1024x730.png 1024w, https:\/\/agora.xtec.cat\/iescamarles\/wp-content\/uploads\/usu868\/2023\/10\/Erasmus-BRIDGE-logo-png-300x214.png 300w, https:\/\/agora.xtec.cat\/iescamarles\/wp-content\/uploads\/usu868\/2023\/10\/Erasmus-BRIDGE-logo-png-768x548.png 768w, https:\/\/agora.xtec.cat\/iescamarles\/wp-content\/uploads\/usu868\/2023\/10\/Erasmus-BRIDGE-logo-png.png 1119w\" sizes=\"auto, (max-width: 1024px) 100vw, 1024px\" \/><\/p>\n<p>&nbsp;<\/p>\n","protected":false},"excerpt":{"rendered":"<p>De l\u20191 al 6 d\u2019octubre, el nostre Institut, va acollir alumnes i professors integrants del projecte Erasmus+ KA122 B.R.I.D.GE the Gap del qual formem part des del curs passat. Els pa\u00efsos que ens van visitar s\u00f3n Alemanya, Gr\u00e8cia, It\u00e0lia i Rep\u00fablica Txeca. Les sigles del&hellip;  <a href=\"https:\/\/agora.xtec.cat\/iescamarles\/general\/erasmus-b-r-i-d-ge-the-gap-al-nostre-centre\/\" title=\"Read ERASMUS+ B.R.I.D.GE THE GAP, AL NOSTRE CENTRE\">Llegeix m\u00e9s\u00bb<\/a><\/p>\n","protected":false},"author":250,"featured_media":5494,"comment_status":"closed","ping_status":"closed","sticky":false,"template":"","format":"standard","meta":{"_bbp_topic_count":0,"_bbp_reply_count":0,"_bbp_total_topic_count":0,"_bbp_total_reply_count":0,"_bbp_voice_count":0,"_bbp_anonymous_reply_count":0,"_bbp_topic_count_hidden":0,"_bbp_reply_count_hidden":0,"_bbp_forum_subforum_count":0,"footnotes":""},"categories":[153,199,1,182,184,73,29,173],"tags":[],"class_list":["post-5493","post","type-post","status-publish","format-standard","has-post-thumbnail","hentry","category-families","category-curs-2022-23-b-r-i-d-g-e-the-gap-building-respectful-inclusive-dauntless-generations","category-general","category-aldea_info_aldaia","category-ampolla_la_marina","category-angles","category-portada","category-projecte-erasmus"],"post_mailing_queue_ids":[],"_links":{"self":[{"href":"https:\/\/agora.xtec.cat\/iescamarles\/wp-json\/wp\/v2\/posts\/5493","targetHints":{"allow":["GET"]}}],"collection":[{"href":"https:\/\/agora.xtec.cat\/iescamarles\/wp-json\/wp\/v2\/posts"}],"about":[{"href":"https:\/\/agora.xtec.cat\/iescamarles\/wp-json\/wp\/v2\/types\/post"}],"author":[{"embeddable":true,"href":"https:\/\/agora.xtec.cat\/iescamarles\/wp-json\/wp\/v2\/users\/250"}],"replies":[{"embeddable":true,"href":"https:\/\/agora.xtec.cat\/iescamarles\/wp-json\/wp\/v2\/comments?post=5493"}],"version-history":[{"count":1,"href":"https:\/\/agora.xtec.cat\/iescamarles\/wp-json\/wp\/v2\/posts\/5493\/revisions"}],"predecessor-version":[{"id":5495,"href":"https:\/\/agora.xtec.cat\/iescamarles\/wp-json\/wp\/v2\/posts\/5493\/revisions\/5495"}],"wp:featuredmedia":[{"embeddable":true,"href":"https:\/\/agora.xtec.cat\/iescamarles\/wp-json\/wp\/v2\/media\/5494"}],"wp:attachment":[{"href":"https:\/\/agora.xtec.cat\/iescamarles\/wp-json\/wp\/v2\/media?parent=5493"}],"wp:term":[{"taxonomy":"category","embeddable":true,"href":"https:\/\/agora.xtec.cat\/iescamarles\/wp-json\/wp\/v2\/categories?post=5493"},{"taxonomy":"post_tag","embeddable":true,"href":"https:\/\/agora.xtec.cat\/iescamarles\/wp-json\/wp\/v2\/tags?post=5493"}],"curies":[{"name":"wp","href":"https:\/\/api.w.org\/{rel}","templated":true}]}}