{"id":5063,"date":"2022-10-04T18:12:16","date_gmt":"2022-10-04T16:12:16","guid":{"rendered":"https:\/\/agora.xtec.cat\/iescamarles\/?p=5063"},"modified":"2023-02-20T18:32:41","modified_gmt":"2023-02-20T17:32:41","slug":"mobilitat-a-wildeshausen-alemanya-en-el-marc-del-programa-erasmus","status":"publish","type":"post","link":"https:\/\/agora.xtec.cat\/iescamarles\/portada\/mobilitat-a-wildeshausen-alemanya-en-el-marc-del-programa-erasmus\/","title":{"rendered":"MOBILITAT A WILDESHAUSEN (ALEMANYA) EN EL MARC DEL PROGRAMA ERASMUS+"},"content":{"rendered":"<p class=\"gmail_default\">Del 25 al 30 de setembre, un grup de 7 estudiants de 4t d&#8217;ESO es van despla\u00e7ar a Wildeshausen (Alemanya), en una mobilitat en el marc del programa BRIDGE (Erasmus+).<\/p>\n<p class=\"gmail_default\">Com sabeu, Erasmus+ \u00e9s un programa europeu que reuneix diferents instituts d&#8217;arreu d&#8217;Europa (en aquest cas: Camarles, Gr\u00e8cia, Alemanya, Rep\u00fablica Txeca i It\u00e0lia), de tal manera que desde cada centre es treballen activitats en com\u00fa en torn a un tema general (els valors). Llavors, una representaci\u00f3 d&#8217;estudiants i professors de cada institut poden visitar els altres centres europeus de manera subvencionada.<\/p>\n<p class=\"gmail_default\">Durant l&#8217;estada a Alemanya, els nostres alumnes van presentar els treballs que havien realitzat a l&#8217;Institut de Camarles i van fer altres tallers i activitats educatives. Dimarts a la tarda vam visitar la bonica ciutat de Bremen (a nom\u00e9s 30kms) i el dimecres vam anar a Hamburg, on vam fer un passeig en barca per l&#8217;enorme port i vam gaudir d&#8217;una incre\u00efble exposici\u00f3 de Banksy.<\/p>\n<p class=\"gmail_default\">L&#8217;alumnat es va allotjar en fam\u00edlies, cosa que va permetre que utilitzessin l&#8217;angl\u00e8s de manera freq\u00fcent. El professorat acompanyant van ser Eva Cervera i Pili Luis.<\/p>\n<p class=\"gmail_default\">L&#8217;alumnat diu que van gaudir molt del viatge i que sempre recordaran aquesta experi\u00e8ncia, ja que van fer amics internacionals i van visitar molts llocs nous. Aix\u00f2 s\u00ed, no ens ha faltat l&#8217;anorak ni el paraigua! <a href=\"https:\/\/sites.google.com\/inscamarles.cat\/fotos-ins-camarles\/inici\/curs-22-23\/mobilitat-alemanya-erasmus\" target=\"_blank\" rel=\"noopener\">(Veure fotos)<\/a><\/p>\n<p class=\"gmail_default\">Des del Departament de Lleng\u00fces Estrangeres treballem per poder proporcionar al nostre alumnat programes d&#8217;aquest tipus, que posen en valor la import\u00e0ncia de con\u00e8ixer lleng\u00fces estrangeres.<\/p>\n","protected":false},"excerpt":{"rendered":"<p>Del 25 al 30 de setembre, un grup de 7 estudiants de 4t d&#8217;ESO es van despla\u00e7ar a Wildeshausen (Alemanya), en una mobilitat en el marc del programa BRIDGE (Erasmus+).<br \/>\nCom sabeu, Erasmus+ \u00e9s un programa europeu que reuneix diferents instituts d&#8217;arreu d&#8217;Europa (en aquest cas:&hellip;  <a href=\"https:\/\/agora.xtec.cat\/iescamarles\/portada\/mobilitat-a-wildeshausen-alemanya-en-el-marc-del-programa-erasmus\/\" title=\"Read MOBILITAT A WILDESHAUSEN (ALEMANYA) EN EL MARC DEL PROGRAMA ERASMUS+\">Llegeix m\u00e9s\u00bb<\/a><\/p>\n","protected":false},"author":1,"featured_media":5061,"comment_status":"closed","ping_status":"closed","sticky":false,"template":"","format":"standard","meta":{"_bbp_topic_count":0,"_bbp_reply_count":0,"_bbp_total_topic_count":0,"_bbp_total_reply_count":0,"_bbp_voice_count":0,"_bbp_anonymous_reply_count":0,"_bbp_topic_count_hidden":0,"_bbp_reply_count_hidden":0,"_bbp_forum_subforum_count":0,"footnotes":""},"categories":[199,119,29,173],"tags":[],"class_list":["post-5063","post","type-post","status-publish","format-standard","has-post-thumbnail","hentry","category-curs-2022-23-b-r-i-d-g-e-the-gap-building-respectful-inclusive-dauntless-generations","category-eso4","category-portada","category-projecte-erasmus"],"post_mailing_queue_ids":[],"_links":{"self":[{"href":"https:\/\/agora.xtec.cat\/iescamarles\/wp-json\/wp\/v2\/posts\/5063","targetHints":{"allow":["GET"]}}],"collection":[{"href":"https:\/\/agora.xtec.cat\/iescamarles\/wp-json\/wp\/v2\/posts"}],"about":[{"href":"https:\/\/agora.xtec.cat\/iescamarles\/wp-json\/wp\/v2\/types\/post"}],"author":[{"embeddable":true,"href":"https:\/\/agora.xtec.cat\/iescamarles\/wp-json\/wp\/v2\/users\/1"}],"replies":[{"embeddable":true,"href":"https:\/\/agora.xtec.cat\/iescamarles\/wp-json\/wp\/v2\/comments?post=5063"}],"version-history":[{"count":4,"href":"https:\/\/agora.xtec.cat\/iescamarles\/wp-json\/wp\/v2\/posts\/5063\/revisions"}],"predecessor-version":[{"id":5083,"href":"https:\/\/agora.xtec.cat\/iescamarles\/wp-json\/wp\/v2\/posts\/5063\/revisions\/5083"}],"wp:featuredmedia":[{"embeddable":true,"href":"https:\/\/agora.xtec.cat\/iescamarles\/wp-json\/wp\/v2\/media\/5061"}],"wp:attachment":[{"href":"https:\/\/agora.xtec.cat\/iescamarles\/wp-json\/wp\/v2\/media?parent=5063"}],"wp:term":[{"taxonomy":"category","embeddable":true,"href":"https:\/\/agora.xtec.cat\/iescamarles\/wp-json\/wp\/v2\/categories?post=5063"},{"taxonomy":"post_tag","embeddable":true,"href":"https:\/\/agora.xtec.cat\/iescamarles\/wp-json\/wp\/v2\/tags?post=5063"}],"curies":[{"name":"wp","href":"https:\/\/api.w.org\/{rel}","templated":true}]}}