{"id":4339,"date":"2020-12-17T13:59:53","date_gmt":"2020-12-17T12:59:53","guid":{"rendered":"http:\/\/agora.xtec.cat\/iescamarles\/?p=4339"},"modified":"2020-12-21T10:55:48","modified_gmt":"2020-12-21T09:55:48","slug":"taller-camp-daprenentatge-a-linstitut","status":"publish","type":"post","link":"https:\/\/agora.xtec.cat\/iescamarles\/portada\/taller-camp-daprenentatge-a-linstitut\/","title":{"rendered":"TALLER CAMP D&#8217;APRENENTATGE A L&#8217;INSTITUT"},"content":{"rendered":"<p><img loading=\"lazy\" decoding=\"async\" class=\"alignnone size-full wp-image-4351\" src=\"https:\/\/agora.xtec.cat\/iescamarles\/wp-content\/uploads\/usu868\/2020\/12\/Segells-tallers-angl\u00e8s-1.jpg\" alt=\"\" width=\"666\" height=\"69\" srcset=\"https:\/\/agora.xtec.cat\/iescamarles\/wp-content\/uploads\/usu868\/2020\/12\/Segells-tallers-angl\u00e8s-1.jpg 666w, https:\/\/agora.xtec.cat\/iescamarles\/wp-content\/uploads\/usu868\/2020\/12\/Segells-tallers-angl\u00e8s-1-300x31.jpg 300w\" sizes=\"auto, (max-width: 666px) 100vw, 666px\" \/><\/p>\n<p><span style=\"color: #000000;\"><span style=\"font-size: large;\"><b>EXPERIMENT EN ANGL\u00c8S SOBRE L\u2019AIGUA DE L\u2019EBRE\u00a0A 1r I 2n D&#8217;ESO<\/b><\/span><\/span><\/p>\n<p><span style=\"color: #000000;\"><span style=\"font-size: large;\">La setmana passada, l\u2019alumnat de primer cicle d\u2019ESO va realitzar a l\u2019institut un taller de dos hores en angl\u00e8s, en el qual dos monitors del Camp d\u2019Aprenentatge\u00a0del Delta de l&#8217;Ebre van tractar diferents temes i van realitzar alguns experiments cient\u00edfics.<\/span><\/span><\/p>\n<p><span style=\"color: #000000;\"><span style=\"font-size: large;\">Aquesta activitat forma part dels tallers en immersi\u00f3 ling\u00fc\u00edstica que el Departament de Lleng\u00fces Estrangeres organitza durant aquests mesos de desembre i gener.<\/span><\/span><\/p>\n<p><span style=\"color: #000000;\"><span style=\"font-size: large;\">Aix\u00ed doncs, l\u2019alumnat va con\u00e8ixer i conscienciar-se sobre alguns dels problemes que actualment afecten al nostre riu Ebre i, en conseq\u00fc\u00e8ncia, al Delta de l\u2019Ebre.<\/span><\/span><\/p>\n<p><span style=\"color: #000000;\"><span style=\"font-size: large;\">Entre d\u2019altres, els experiments que van realitzar van ser:<\/span><\/span><\/p>\n<p><span style=\"color: #000000;\"><span style=\"font-size: large;\">&#8211;\u00a0\u00a0\u00a0\u00a0\u00a0\u00a0\u00a0\u00a0\u00a0\u00a0Van realitzar unes proves de densitat en l\u2019aigua (aigua dol\u00e7a i salada)<\/span><\/span><\/p>\n<p><span style=\"color: #000000;\"><span style=\"font-size: large;\">&#8211;\u00a0\u00a0\u00a0\u00a0\u00a0\u00a0\u00a0\u00a0\u00a0\u00a0Van donar color a dos aig\u00fces en recipients diferents. En afegir-hi sal a una aigua, els estudiants vam comprovar com l\u2019aigua salada es posicionava per sota de la dol\u00e7a.<\/span><\/span><\/p>\n<p><span style=\"color: #000000;\"><span style=\"font-size: large;\">&#8211;\u00a0\u00a0\u00a0\u00a0\u00a0\u00a0\u00a0\u00a0\u00a0\u00a0Van conscienciar-se\u00a0 del creixement de salinitat al riu Ebre, ja que d\u2019Amposta fins al mar podr\u00edem dir que tot \u00e9s aigua salada. Aix\u00f2 afecta a la biodiversitat (peixos, algues, arr\u00f2s&#8230;)<\/span><\/span><\/p>\n<p><span style=\"color: #000000;\"><span style=\"font-size: large;\">&#8211;\u00a0\u00a0\u00a0\u00a0\u00a0\u00a0\u00a0\u00a0\u00a0\u00a0Van visionar un v\u00eddeo amb els efectes del temporal Gloria i van debatre i reflexionar sobre la problem\u00e0tica amb la falta de sediments al nostre delta.<\/span><\/span><\/p>\n<p><span style=\"color: #000000;\"><span style=\"font-size: large;\">Amb aquest experiment, tot 1r i 2n d\u2019ESO van descobrir una mica m\u00e9s sobre el riu Ebre i el nostre Delta, alhora que van practicar la llengua anglesa.<\/span><\/span><\/p>\n<p><span style=\"color: #000000;\"><span style=\"font-size: large;\">Continuem treballant per potenciar al m\u00e0xim les habilitats comunicatives en lleng\u00fces estrangeres del nostre alumnat.<\/span><\/span><\/p>\n<p><span style=\"color: #000000;\"><span style=\"font-size: large;\"><a href=\"https:\/\/photos.app.goo.gl\/Xe3uWDYzc8F4k9Tv5\" target=\"_blank\" rel=\"noopener noreferrer\">Veure fotos<\/a>.<\/span><\/span><\/p>\n<p><em><strong>Programa operatiu d\u2019ocupaci\u00f3, formaci\u00f3 i educaci\u00f3, FSE 2014-2020<\/strong><\/em><br \/>\n<em><strong>Programa finan\u00e7at pel Ministeri d\u2019Educaci\u00f3 i Formaci\u00f3 Professional i cofinan\u00e7at pel Fons Social<\/strong><\/em><\/p>\n<p style=\"font-weight: 400;\">\n","protected":false},"excerpt":{"rendered":"<p>EXPERIMENT EN ANGL\u00c8S SOBRE L\u2019AIGUA DE L\u2019EBRE\u00a0A 1r I 2n D&#8217;ESO<br \/>\nLa setmana passada, l\u2019alumnat de primer cicle d\u2019ESO va realitzar a l\u2019institut un taller de dos hores en angl\u00e8s, en el qual dos monitors del Camp d\u2019Aprenentatge\u00a0del Delta de l&#8217;Ebre van tractar diferents temes i&hellip;  <a href=\"https:\/\/agora.xtec.cat\/iescamarles\/portada\/taller-camp-daprenentatge-a-linstitut\/\" title=\"Read TALLER CAMP D&#8217;APRENENTATGE A L&#8217;INSTITUT\">Llegeix m\u00e9s\u00bb<\/a><\/p>\n","protected":false},"author":1,"featured_media":4342,"comment_status":"closed","ping_status":"closed","sticky":false,"template":"","format":"standard","meta":{"_bbp_topic_count":0,"_bbp_reply_count":0,"_bbp_total_topic_count":0,"_bbp_total_reply_count":0,"_bbp_voice_count":0,"_bbp_anonymous_reply_count":0,"_bbp_topic_count_hidden":0,"_bbp_reply_count_hidden":0,"_bbp_forum_subforum_count":0,"footnotes":""},"categories":[29],"tags":[],"class_list":["post-4339","post","type-post","status-publish","format-standard","has-post-thumbnail","hentry","category-portada"],"post_mailing_queue_ids":[],"_links":{"self":[{"href":"https:\/\/agora.xtec.cat\/iescamarles\/wp-json\/wp\/v2\/posts\/4339","targetHints":{"allow":["GET"]}}],"collection":[{"href":"https:\/\/agora.xtec.cat\/iescamarles\/wp-json\/wp\/v2\/posts"}],"about":[{"href":"https:\/\/agora.xtec.cat\/iescamarles\/wp-json\/wp\/v2\/types\/post"}],"author":[{"embeddable":true,"href":"https:\/\/agora.xtec.cat\/iescamarles\/wp-json\/wp\/v2\/users\/1"}],"replies":[{"embeddable":true,"href":"https:\/\/agora.xtec.cat\/iescamarles\/wp-json\/wp\/v2\/comments?post=4339"}],"version-history":[{"count":3,"href":"https:\/\/agora.xtec.cat\/iescamarles\/wp-json\/wp\/v2\/posts\/4339\/revisions"}],"predecessor-version":[{"id":4352,"href":"https:\/\/agora.xtec.cat\/iescamarles\/wp-json\/wp\/v2\/posts\/4339\/revisions\/4352"}],"wp:featuredmedia":[{"embeddable":true,"href":"https:\/\/agora.xtec.cat\/iescamarles\/wp-json\/wp\/v2\/media\/4342"}],"wp:attachment":[{"href":"https:\/\/agora.xtec.cat\/iescamarles\/wp-json\/wp\/v2\/media?parent=4339"}],"wp:term":[{"taxonomy":"category","embeddable":true,"href":"https:\/\/agora.xtec.cat\/iescamarles\/wp-json\/wp\/v2\/categories?post=4339"},{"taxonomy":"post_tag","embeddable":true,"href":"https:\/\/agora.xtec.cat\/iescamarles\/wp-json\/wp\/v2\/tags?post=4339"}],"curies":[{"name":"wp","href":"https:\/\/api.w.org\/{rel}","templated":true}]}}