{"id":4280,"date":"2020-11-27T13:05:15","date_gmt":"2020-11-27T12:05:15","guid":{"rendered":"http:\/\/agora.xtec.cat\/iescamarles\/?p=4280"},"modified":"2020-11-27T13:05:15","modified_gmt":"2020-11-27T12:05:15","slug":"presentacions-erasmus-sobre-aigua-i-literatura","status":"publish","type":"post","link":"https:\/\/agora.xtec.cat\/iescamarles\/general\/presentacions-erasmus-sobre-aigua-i-literatura\/","title":{"rendered":"PRESENTACIONS ERASMUS+ SOBRE AIGUA I LITERATURA"},"content":{"rendered":"<p>Els alumnes de 3r d&#8217;ESO segueixen treballant amb el projecte Erasmus+ i durant aquestes darreres setmanes\u00a0 han estat preparant unes presentacions sobre el tema de l&#8217;aigua a la literatura espanyola\u00a0 i catalana. Les presentacions les han fet amb l&#8217;ajuda de les professores i professor de lleng\u00fces catalana, espanyola i angl\u00e8s. Continuem treballant de forma activa amb els projectes de manera online i amb la col.laboraci\u00f3 de totes les mat\u00e8ries del curr\u00edculum.<\/p>\n<p><img loading=\"lazy\" decoding=\"async\" class=\"alignnone size-large wp-image-4281\" src=\"https:\/\/agora.xtec.cat\/iescamarles\/wp-content\/uploads\/usu868\/2020\/11\/Water-and-literature-presentations-1-1024x576.png\" alt=\"\" width=\"1024\" height=\"576\" srcset=\"https:\/\/agora.xtec.cat\/iescamarles\/wp-content\/uploads\/usu868\/2020\/11\/Water-and-literature-presentations-1-1024x576.png 1024w, https:\/\/agora.xtec.cat\/iescamarles\/wp-content\/uploads\/usu868\/2020\/11\/Water-and-literature-presentations-1-300x169.png 300w, https:\/\/agora.xtec.cat\/iescamarles\/wp-content\/uploads\/usu868\/2020\/11\/Water-and-literature-presentations-1-768x432.png 768w, https:\/\/agora.xtec.cat\/iescamarles\/wp-content\/uploads\/usu868\/2020\/11\/Water-and-literature-presentations-1.png 1422w\" sizes=\"auto, (max-width: 1024px) 100vw, 1024px\" \/><\/p>\n","protected":false},"excerpt":{"rendered":"<p>Els alumnes de 3r d&#8217;ESO segueixen treballant amb el projecte Erasmus+ i durant aquestes darreres setmanes\u00a0 han estat preparant unes presentacions sobre el tema de l&#8217;aigua a la literatura espanyola\u00a0 i catalana. Les presentacions les han fet amb l&#8217;ajuda de les professores i professor de&hellip;  <a href=\"https:\/\/agora.xtec.cat\/iescamarles\/general\/presentacions-erasmus-sobre-aigua-i-literatura\/\" title=\"Read PRESENTACIONS ERASMUS+ SOBRE AIGUA I LITERATURA\">Llegeix m\u00e9s\u00bb<\/a><\/p>\n","protected":false},"author":35,"featured_media":4281,"comment_status":"closed","ping_status":"closed","sticky":false,"template":"","format":"standard","meta":{"_bbp_topic_count":0,"_bbp_reply_count":0,"_bbp_total_topic_count":0,"_bbp_total_reply_count":0,"_bbp_voice_count":0,"_bbp_anonymous_reply_count":0,"_bbp_topic_count_hidden":0,"_bbp_reply_count_hidden":0,"_bbp_forum_subforum_count":0,"footnotes":""},"categories":[153,188,1,73,29,173],"tags":[],"class_list":["post-4280","post","type-post","status-publish","format-standard","has-post-thumbnail","hentry","category-families","category-era-integrated-learning-challenges","category-general","category-angles","category-portada","category-projecte-erasmus"],"post_mailing_queue_ids":[],"_links":{"self":[{"href":"https:\/\/agora.xtec.cat\/iescamarles\/wp-json\/wp\/v2\/posts\/4280","targetHints":{"allow":["GET"]}}],"collection":[{"href":"https:\/\/agora.xtec.cat\/iescamarles\/wp-json\/wp\/v2\/posts"}],"about":[{"href":"https:\/\/agora.xtec.cat\/iescamarles\/wp-json\/wp\/v2\/types\/post"}],"author":[{"embeddable":true,"href":"https:\/\/agora.xtec.cat\/iescamarles\/wp-json\/wp\/v2\/users\/35"}],"replies":[{"embeddable":true,"href":"https:\/\/agora.xtec.cat\/iescamarles\/wp-json\/wp\/v2\/comments?post=4280"}],"version-history":[{"count":1,"href":"https:\/\/agora.xtec.cat\/iescamarles\/wp-json\/wp\/v2\/posts\/4280\/revisions"}],"predecessor-version":[{"id":4282,"href":"https:\/\/agora.xtec.cat\/iescamarles\/wp-json\/wp\/v2\/posts\/4280\/revisions\/4282"}],"wp:featuredmedia":[{"embeddable":true,"href":"https:\/\/agora.xtec.cat\/iescamarles\/wp-json\/wp\/v2\/media\/4281"}],"wp:attachment":[{"href":"https:\/\/agora.xtec.cat\/iescamarles\/wp-json\/wp\/v2\/media?parent=4280"}],"wp:term":[{"taxonomy":"category","embeddable":true,"href":"https:\/\/agora.xtec.cat\/iescamarles\/wp-json\/wp\/v2\/categories?post=4280"},{"taxonomy":"post_tag","embeddable":true,"href":"https:\/\/agora.xtec.cat\/iescamarles\/wp-json\/wp\/v2\/tags?post=4280"}],"curies":[{"name":"wp","href":"https:\/\/api.w.org\/{rel}","templated":true}]}}