{"id":4221,"date":"2020-11-05T19:20:44","date_gmt":"2020-11-05T18:20:44","guid":{"rendered":"http:\/\/agora.xtec.cat\/iescamarles\/?p=4221"},"modified":"2020-11-05T19:20:44","modified_gmt":"2020-11-05T18:20:44","slug":"els-alumnes-de-4tc-fan-una-compostera-per-al-nostre-hortet","status":"publish","type":"post","link":"https:\/\/agora.xtec.cat\/iescamarles\/general\/els-alumnes-de-4tc-fan-una-compostera-per-al-nostre-hortet\/","title":{"rendered":"ELS ALUMNES DE 4TC FAN UNA COMPOSTERA PER AL NOSTRE HORTET"},"content":{"rendered":"<p>Els alumnes de 4tC d&#8217;ESO amb l&#8217;ajuda de la professora Cinta Borr\u00e0s han fet una compostera per al nostre hortet ecol\u00f2gic. Aquesta activitat est\u00e0 emmarcada dins del projecte Erasmus+ Smart Waste Managers que els alumnes de 4t d&#8217;ESO estan portant a terme. Ara us animem a tots els alumnes i professors a portar deixalles ( pells de fruita, verdura&#8230;herba, fulles&#8230;) que es puguin posar dins la compostera per a poder fer el suficient compost per adobar el nostre hortet que posarem en marxa a la primavera.<\/p>\n<p>Seguim endavant amb el projecte amb molta il.lusi\u00f3 i ens agradaria poder tenir el nostre hortet ecol\u00f2gic a l&#8217;institut!!!<\/p>\n<p><img loading=\"lazy\" decoding=\"async\" class=\"alignnone size-large wp-image-4222\" src=\"https:\/\/agora.xtec.cat\/iescamarles\/wp-content\/uploads\/usu868\/2020\/11\/Compostera-1-1024x576.png\" alt=\"\" width=\"1024\" height=\"576\" srcset=\"https:\/\/agora.xtec.cat\/iescamarles\/wp-content\/uploads\/usu868\/2020\/11\/Compostera-1-1024x576.png 1024w, https:\/\/agora.xtec.cat\/iescamarles\/wp-content\/uploads\/usu868\/2020\/11\/Compostera-1-300x169.png 300w, https:\/\/agora.xtec.cat\/iescamarles\/wp-content\/uploads\/usu868\/2020\/11\/Compostera-1-768x432.png 768w, https:\/\/agora.xtec.cat\/iescamarles\/wp-content\/uploads\/usu868\/2020\/11\/Compostera-1.png 1422w\" sizes=\"auto, (max-width: 1024px) 100vw, 1024px\" \/><\/p>\n","protected":false},"excerpt":{"rendered":"<p>Els alumnes de 4tC d&#8217;ESO amb l&#8217;ajuda de la professora Cinta Borr\u00e0s han fet una compostera per al nostre hortet ecol\u00f2gic. Aquesta activitat est\u00e0 emmarcada dins del projecte Erasmus+ Smart Waste Managers que els alumnes de 4t d&#8217;ESO estan portant a terme. Ara us animem&hellip;  <a href=\"https:\/\/agora.xtec.cat\/iescamarles\/general\/els-alumnes-de-4tc-fan-una-compostera-per-al-nostre-hortet\/\" title=\"Read ELS ALUMNES DE 4TC FAN UNA COMPOSTERA PER AL NOSTRE HORTET\">Llegeix m\u00e9s\u00bb<\/a><\/p>\n","protected":false},"author":35,"featured_media":4222,"comment_status":"closed","ping_status":"closed","sticky":false,"template":"","format":"standard","meta":{"_bbp_topic_count":0,"_bbp_reply_count":0,"_bbp_total_topic_count":0,"_bbp_total_reply_count":0,"_bbp_voice_count":0,"_bbp_anonymous_reply_count":0,"_bbp_topic_count_hidden":0,"_bbp_reply_count_hidden":0,"_bbp_forum_subforum_count":0,"footnotes":""},"categories":[153,1,29,173,192],"tags":[],"class_list":["post-4221","post","type-post","status-publish","format-standard","has-post-thumbnail","hentry","category-families","category-general","category-portada","category-projecte-erasmus","category-smart-waste-managers"],"post_mailing_queue_ids":[],"_links":{"self":[{"href":"https:\/\/agora.xtec.cat\/iescamarles\/wp-json\/wp\/v2\/posts\/4221","targetHints":{"allow":["GET"]}}],"collection":[{"href":"https:\/\/agora.xtec.cat\/iescamarles\/wp-json\/wp\/v2\/posts"}],"about":[{"href":"https:\/\/agora.xtec.cat\/iescamarles\/wp-json\/wp\/v2\/types\/post"}],"author":[{"embeddable":true,"href":"https:\/\/agora.xtec.cat\/iescamarles\/wp-json\/wp\/v2\/users\/35"}],"replies":[{"embeddable":true,"href":"https:\/\/agora.xtec.cat\/iescamarles\/wp-json\/wp\/v2\/comments?post=4221"}],"version-history":[{"count":1,"href":"https:\/\/agora.xtec.cat\/iescamarles\/wp-json\/wp\/v2\/posts\/4221\/revisions"}],"predecessor-version":[{"id":4223,"href":"https:\/\/agora.xtec.cat\/iescamarles\/wp-json\/wp\/v2\/posts\/4221\/revisions\/4223"}],"wp:featuredmedia":[{"embeddable":true,"href":"https:\/\/agora.xtec.cat\/iescamarles\/wp-json\/wp\/v2\/media\/4222"}],"wp:attachment":[{"href":"https:\/\/agora.xtec.cat\/iescamarles\/wp-json\/wp\/v2\/media?parent=4221"}],"wp:term":[{"taxonomy":"category","embeddable":true,"href":"https:\/\/agora.xtec.cat\/iescamarles\/wp-json\/wp\/v2\/categories?post=4221"},{"taxonomy":"post_tag","embeddable":true,"href":"https:\/\/agora.xtec.cat\/iescamarles\/wp-json\/wp\/v2\/tags?post=4221"}],"curies":[{"name":"wp","href":"https:\/\/api.w.org\/{rel}","templated":true}]}}