{"id":4191,"date":"2020-10-23T08:44:36","date_gmt":"2020-10-23T06:44:36","guid":{"rendered":"http:\/\/agora.xtec.cat\/iescamarles\/?p=4191"},"modified":"2020-10-28T10:30:07","modified_gmt":"2020-10-28T09:30:07","slug":"anem-a-la-televisio-terres-de-lebre-a-fer-difusio-del-projectes","status":"publish","type":"post","link":"https:\/\/agora.xtec.cat\/iescamarles\/general\/anem-a-la-televisio-terres-de-lebre-a-fer-difusio-del-projectes\/","title":{"rendered":"ANEM A LA TELEVISI\u00d3 TERRES DE L&#8217;EBRE A FER DIFUSI\u00d3 DEL PROJECTES ERASMUS+"},"content":{"rendered":"<p>El proper <strong>dimecres 28 d&#8217;octubre a les 21:30, i a les 23:30 i el dijous 29 d&#8217;octubre a les 17<\/strong> s&#8217;emetr\u00e0 l&#8217;entrevista realitzada a Joan Mart\u00ednez, alumne de 4t d&#8217;ESO i a Olga Bertomeu, professora, al programa <strong>l&#8217;Estret de Magallanes<\/strong> dirigit i presentat per Llu\u00efsa Bertomeu. Ells han parlat sobre els dos\u00a0 projectes Erasmus+ que tenim a l&#8217;institiut aix\u00ed com dels viatges que vam fer el curs passat. Al no poder anar m\u00e9s de dues persones al plat\u00f3, tamb\u00e9 s&#8217;emetr\u00e0 un v\u00eddeo on surten alumnes de 1r de BAT que van anar a Alemanya el curs passat, i dues alumnes de 3r d&#8217;ESO, que a partir d&#8217;aquest curs participen en un dels projectes. Amb l&#8217;entrevista pretenem fer difusi\u00f3 dels nostres projectes i que el qu\u00e8 fem arribi a m\u00e9s p\u00fablic. Esperem que us agradi. <a href=\"https:\/\/drive.google.com\/file\/d\/1o_JusYUf401E-EiB8FF5UxxeU1eZWR-e\/view?usp=sharing\">Aqu\u00ed<\/a> us deixem amb el v\u00eddeo que tamb\u00e9 es projectar\u00e0 durant l&#8217;entrevista.<\/p>\n<p><img loading=\"lazy\" decoding=\"async\" class=\"alignnone size-full wp-image-4193\" src=\"https:\/\/agora.xtec.cat\/iescamarles\/wp-content\/uploads\/usu868\/2020\/10\/Tele.jpg\" alt=\"\" width=\"573\" height=\"85\" srcset=\"https:\/\/agora.xtec.cat\/iescamarles\/wp-content\/uploads\/usu868\/2020\/10\/Tele.jpg 573w, https:\/\/agora.xtec.cat\/iescamarles\/wp-content\/uploads\/usu868\/2020\/10\/Tele-300x45.jpg 300w\" sizes=\"auto, (max-width: 573px) 100vw, 573px\" \/><\/p>\n","protected":false},"excerpt":{"rendered":"<p>El proper dimecres 28 d&#8217;octubre a les 21:30, i a les 23:30 i el dijous 29 d&#8217;octubre a les 17 s&#8217;emetr\u00e0 l&#8217;entrevista realitzada a Joan Mart\u00ednez, alumne de 4t d&#8217;ESO i a Olga Bertomeu, professora, al programa l&#8217;Estret de Magallanes dirigit i presentat per Llu\u00efsa&hellip;  <a href=\"https:\/\/agora.xtec.cat\/iescamarles\/general\/anem-a-la-televisio-terres-de-lebre-a-fer-difusio-del-projectes\/\" title=\"Read ANEM A LA TELEVISI\u00d3 TERRES DE L&#8217;EBRE A FER DIFUSI\u00d3 DEL PROJECTES ERASMUS+\">Llegeix m\u00e9s\u00bb<\/a><\/p>\n","protected":false},"author":35,"featured_media":4193,"comment_status":"closed","ping_status":"closed","sticky":false,"template":"","format":"standard","meta":{"_bbp_topic_count":0,"_bbp_reply_count":0,"_bbp_total_topic_count":0,"_bbp_total_reply_count":0,"_bbp_voice_count":0,"_bbp_anonymous_reply_count":0,"_bbp_topic_count_hidden":0,"_bbp_reply_count_hidden":0,"_bbp_forum_subforum_count":0,"footnotes":""},"categories":[153,188,1,73,29,173,192],"tags":[],"class_list":["post-4191","post","type-post","status-publish","format-standard","has-post-thumbnail","hentry","category-families","category-era-integrated-learning-challenges","category-general","category-angles","category-portada","category-projecte-erasmus","category-smart-waste-managers"],"post_mailing_queue_ids":[],"_links":{"self":[{"href":"https:\/\/agora.xtec.cat\/iescamarles\/wp-json\/wp\/v2\/posts\/4191","targetHints":{"allow":["GET"]}}],"collection":[{"href":"https:\/\/agora.xtec.cat\/iescamarles\/wp-json\/wp\/v2\/posts"}],"about":[{"href":"https:\/\/agora.xtec.cat\/iescamarles\/wp-json\/wp\/v2\/types\/post"}],"author":[{"embeddable":true,"href":"https:\/\/agora.xtec.cat\/iescamarles\/wp-json\/wp\/v2\/users\/35"}],"replies":[{"embeddable":true,"href":"https:\/\/agora.xtec.cat\/iescamarles\/wp-json\/wp\/v2\/comments?post=4191"}],"version-history":[{"count":3,"href":"https:\/\/agora.xtec.cat\/iescamarles\/wp-json\/wp\/v2\/posts\/4191\/revisions"}],"predecessor-version":[{"id":4195,"href":"https:\/\/agora.xtec.cat\/iescamarles\/wp-json\/wp\/v2\/posts\/4191\/revisions\/4195"}],"wp:featuredmedia":[{"embeddable":true,"href":"https:\/\/agora.xtec.cat\/iescamarles\/wp-json\/wp\/v2\/media\/4193"}],"wp:attachment":[{"href":"https:\/\/agora.xtec.cat\/iescamarles\/wp-json\/wp\/v2\/media?parent=4191"}],"wp:term":[{"taxonomy":"category","embeddable":true,"href":"https:\/\/agora.xtec.cat\/iescamarles\/wp-json\/wp\/v2\/categories?post=4191"},{"taxonomy":"post_tag","embeddable":true,"href":"https:\/\/agora.xtec.cat\/iescamarles\/wp-json\/wp\/v2\/tags?post=4191"}],"curies":[{"name":"wp","href":"https:\/\/api.w.org\/{rel}","templated":true}]}}