{"id":4157,"date":"2020-10-02T08:40:48","date_gmt":"2020-10-02T06:40:48","guid":{"rendered":"http:\/\/agora.xtec.cat\/iescamarles\/?p=4157"},"modified":"2020-10-28T10:31:03","modified_gmt":"2020-10-28T09:31:03","slug":"els-alumnes-de-3r-deso-comencen-a-treballar-en-el-projecte-erasmus","status":"publish","type":"post","link":"https:\/\/agora.xtec.cat\/iescamarles\/portada\/els-alumnes-de-3r-deso-comencen-a-treballar-en-el-projecte-erasmus\/","title":{"rendered":"ELS ALUMNES DE 3R D&#8217;ESO COMENCEN A TREBALLAR EN EL PROJECTE ERASMUS"},"content":{"rendered":"<p>Els alumnes de 3r d&#8217;ESO durant els dos cursos que els queden de l&#8217;etapa de l&#8217;ESO participaran en el projecte Erasmus+ Integrated Learning Challenges. Durant el curs anterior van ser els alumnes de 1r de BAT qui van iniciar el projecte, per\u00f2 degut a les circumst\u00e0ncies de la pand\u00e8mia i davant la impossibilitat de viatjar en aquests moments, l&#8217;equip docent va creure convenient implicar alumnes d&#8217;un altre curs per a poder realitzar el projecte amb m\u00e9s garanties.<\/p>\n<p>Durant aquestes setmanes els alumnes de 3r d&#8217;ESO s&#8217;han presentat als altres companys\u00a0 \u00a0i han estat fent presentacions orals sobre els pa\u00efsos i escoles implicats en el projecte: Bulg\u00e0ria, Gr\u00e8cia, Romania, Alemanya i Eslov\u00e0quia.<\/p>\n<p><img loading=\"lazy\" decoding=\"async\" class=\"alignnone size-large wp-image-4158\" src=\"https:\/\/agora.xtec.cat\/iescamarles\/wp-content\/uploads\/usu868\/2020\/10\/Era-3rdESO-presentations-1-1024x576.png\" alt=\"\" width=\"1024\" height=\"576\" srcset=\"https:\/\/agora.xtec.cat\/iescamarles\/wp-content\/uploads\/usu868\/2020\/10\/Era-3rdESO-presentations-1-1024x576.png 1024w, https:\/\/agora.xtec.cat\/iescamarles\/wp-content\/uploads\/usu868\/2020\/10\/Era-3rdESO-presentations-1-300x169.png 300w, https:\/\/agora.xtec.cat\/iescamarles\/wp-content\/uploads\/usu868\/2020\/10\/Era-3rdESO-presentations-1-768x432.png 768w, https:\/\/agora.xtec.cat\/iescamarles\/wp-content\/uploads\/usu868\/2020\/10\/Era-3rdESO-presentations-1.png 1422w\" sizes=\"auto, (max-width: 1024px) 100vw, 1024px\" \/><\/p>\n","protected":false},"excerpt":{"rendered":"<p>Els alumnes de 3r d&#8217;ESO durant els dos cursos que els queden de l&#8217;etapa de l&#8217;ESO participaran en el projecte Erasmus+ Integrated Learning Challenges. Durant el curs anterior van ser els alumnes de 1r de BAT qui van iniciar el projecte, per\u00f2 degut a les&hellip;  <a href=\"https:\/\/agora.xtec.cat\/iescamarles\/portada\/els-alumnes-de-3r-deso-comencen-a-treballar-en-el-projecte-erasmus\/\" title=\"Read ELS ALUMNES DE 3R D&#8217;ESO COMENCEN A TREBALLAR EN EL PROJECTE ERASMUS\">Llegeix m\u00e9s\u00bb<\/a><\/p>\n","protected":false},"author":35,"featured_media":4158,"comment_status":"closed","ping_status":"closed","sticky":false,"template":"","format":"standard","meta":{"_bbp_topic_count":0,"_bbp_reply_count":0,"_bbp_total_topic_count":0,"_bbp_total_reply_count":0,"_bbp_voice_count":0,"_bbp_anonymous_reply_count":0,"_bbp_topic_count_hidden":0,"_bbp_reply_count_hidden":0,"_bbp_forum_subforum_count":0,"footnotes":""},"categories":[153,188,73,29,173],"tags":[],"class_list":["post-4157","post","type-post","status-publish","format-standard","has-post-thumbnail","hentry","category-families","category-era-integrated-learning-challenges","category-angles","category-portada","category-projecte-erasmus"],"post_mailing_queue_ids":[],"_links":{"self":[{"href":"https:\/\/agora.xtec.cat\/iescamarles\/wp-json\/wp\/v2\/posts\/4157","targetHints":{"allow":["GET"]}}],"collection":[{"href":"https:\/\/agora.xtec.cat\/iescamarles\/wp-json\/wp\/v2\/posts"}],"about":[{"href":"https:\/\/agora.xtec.cat\/iescamarles\/wp-json\/wp\/v2\/types\/post"}],"author":[{"embeddable":true,"href":"https:\/\/agora.xtec.cat\/iescamarles\/wp-json\/wp\/v2\/users\/35"}],"replies":[{"embeddable":true,"href":"https:\/\/agora.xtec.cat\/iescamarles\/wp-json\/wp\/v2\/comments?post=4157"}],"version-history":[{"count":1,"href":"https:\/\/agora.xtec.cat\/iescamarles\/wp-json\/wp\/v2\/posts\/4157\/revisions"}],"predecessor-version":[{"id":4159,"href":"https:\/\/agora.xtec.cat\/iescamarles\/wp-json\/wp\/v2\/posts\/4157\/revisions\/4159"}],"wp:featuredmedia":[{"embeddable":true,"href":"https:\/\/agora.xtec.cat\/iescamarles\/wp-json\/wp\/v2\/media\/4158"}],"wp:attachment":[{"href":"https:\/\/agora.xtec.cat\/iescamarles\/wp-json\/wp\/v2\/media?parent=4157"}],"wp:term":[{"taxonomy":"category","embeddable":true,"href":"https:\/\/agora.xtec.cat\/iescamarles\/wp-json\/wp\/v2\/categories?post=4157"},{"taxonomy":"post_tag","embeddable":true,"href":"https:\/\/agora.xtec.cat\/iescamarles\/wp-json\/wp\/v2\/tags?post=4157"}],"curies":[{"name":"wp","href":"https:\/\/api.w.org\/{rel}","templated":true}]}}