{"id":3662,"date":"2020-03-19T12:41:23","date_gmt":"2020-03-19T11:41:23","guid":{"rendered":"http:\/\/agora.xtec.cat\/iescamarles\/?p=3662"},"modified":"2020-04-21T18:07:53","modified_gmt":"2020-04-21T16:07:53","slug":"activitats-per-lalumnat-durant-el-tancament","status":"publish","type":"post","link":"https:\/\/agora.xtec.cat\/iescamarles\/portada\/activitats-per-lalumnat-durant-el-tancament\/","title":{"rendered":"ACTIVITATS PER L&#8217;ALUMNAT DURANT EL TANCAMENT"},"content":{"rendered":"<p>Seguint les orientacions del Departament d&#8217;Educaci\u00f3 i dels Serveis Territorials d&#8217;Educaci\u00f3 a les Terres de l&#8217;Ebre, la Direcci\u00f3 del centre ha elaborat una carta amb les indicacions sobre les activitats adre\u00e7ades a l&#8217;alumnat durant aquest per\u00edode\u00a0 de tancament (podeu llegir-la clicant <a href=\"https:\/\/agora.xtec.cat\/iescamarles\/wp-content\/uploads\/usu868\/2020\/03\/Escrit-fam\u00edlies-activitats-tancament-coronavirus-.pdf\">aqu\u00ed<\/a>).<\/p>\n<p>Aix\u00ed mateix, el Departament ha fet un recull de recursos educatius que podeu trobar en els seg\u00fcents enlla\u00e7os. S\u00f3n recursos adre\u00e7ats a diferents nivells i per totes les mat\u00e8ries:<\/p>\n<ul>\n<li style=\"list-style-type: none;\">\n<ul>\n<li><a href=\"http:\/\/xtec.gencat.cat\/ca\/recursos\/actuacio-extraordinaria-activitats-autoaprenentatge\/recursos-dept-educacio\/\" target=\"_blank\" rel=\"noopener noreferrer\">Recursos propis del Departament d&#8217;Educaci\u00f3<\/a><\/li>\n<li><a href=\"http:\/\/www.edu365.cat\/\" target=\"_blank\" rel=\"noopener noreferrer\">edu365.cat<\/a><\/li>\n<li><a href=\"http:\/\/xtec.gencat.cat\/ca\/recursos\/actuacio-extraordinaria-activitats-autoaprenentatge\/recursos-externs\/\" target=\"_blank\" rel=\"noopener noreferrer\">Recursos educatius externs<\/a><\/li>\n<\/ul>\n<\/li>\n<\/ul>\n<p>&nbsp;<\/p>\n","protected":false},"excerpt":{"rendered":"<p>Seguint les orientacions del Departament d&#8217;Educaci\u00f3 i dels Serveis Territorials d&#8217;Educaci\u00f3 a les Terres de l&#8217;Ebre, la Direcci\u00f3 del centre ha elaborat una carta amb les indicacions sobre les activitats adre\u00e7ades a l&#8217;alumnat durant aquest per\u00edode\u00a0 de tancament (podeu llegir-la clicant <a href=\"https:\/\/agora.xtec.cat\/iescamarles\/wp-content\/uploads\/usu868\/2020\/03\/Escrit-fam\u00edlies-activitats-tancament-coronavirus-.pdf\">aqu\u00ed<\/a>).<br \/>\nAix\u00ed mateix, el&hellip;  <a href=\"https:\/\/agora.xtec.cat\/iescamarles\/portada\/activitats-per-lalumnat-durant-el-tancament\/\" title=\"Read ACTIVITATS PER L&#8217;ALUMNAT DURANT EL TANCAMENT\">Llegeix m\u00e9s\u00bb<\/a><\/p>\n","protected":false},"author":51,"featured_media":3210,"comment_status":"closed","ping_status":"closed","sticky":false,"template":"","format":"standard","meta":{"_bbp_topic_count":0,"_bbp_reply_count":0,"_bbp_total_topic_count":0,"_bbp_total_reply_count":0,"_bbp_voice_count":0,"_bbp_anonymous_reply_count":0,"_bbp_topic_count_hidden":0,"_bbp_reply_count_hidden":0,"_bbp_forum_subforum_count":0,"footnotes":""},"categories":[29],"tags":[],"class_list":["post-3662","post","type-post","status-publish","format-standard","has-post-thumbnail","hentry","category-portada"],"post_mailing_queue_ids":[],"_links":{"self":[{"href":"https:\/\/agora.xtec.cat\/iescamarles\/wp-json\/wp\/v2\/posts\/3662","targetHints":{"allow":["GET"]}}],"collection":[{"href":"https:\/\/agora.xtec.cat\/iescamarles\/wp-json\/wp\/v2\/posts"}],"about":[{"href":"https:\/\/agora.xtec.cat\/iescamarles\/wp-json\/wp\/v2\/types\/post"}],"author":[{"embeddable":true,"href":"https:\/\/agora.xtec.cat\/iescamarles\/wp-json\/wp\/v2\/users\/51"}],"replies":[{"embeddable":true,"href":"https:\/\/agora.xtec.cat\/iescamarles\/wp-json\/wp\/v2\/comments?post=3662"}],"version-history":[{"count":3,"href":"https:\/\/agora.xtec.cat\/iescamarles\/wp-json\/wp\/v2\/posts\/3662\/revisions"}],"predecessor-version":[{"id":3668,"href":"https:\/\/agora.xtec.cat\/iescamarles\/wp-json\/wp\/v2\/posts\/3662\/revisions\/3668"}],"wp:featuredmedia":[{"embeddable":true,"href":"https:\/\/agora.xtec.cat\/iescamarles\/wp-json\/wp\/v2\/media\/3210"}],"wp:attachment":[{"href":"https:\/\/agora.xtec.cat\/iescamarles\/wp-json\/wp\/v2\/media?parent=3662"}],"wp:term":[{"taxonomy":"category","embeddable":true,"href":"https:\/\/agora.xtec.cat\/iescamarles\/wp-json\/wp\/v2\/categories?post=3662"},{"taxonomy":"post_tag","embeddable":true,"href":"https:\/\/agora.xtec.cat\/iescamarles\/wp-json\/wp\/v2\/tags?post=3662"}],"curies":[{"name":"wp","href":"https:\/\/api.w.org\/{rel}","templated":true}]}}