{"id":3287,"date":"2019-10-14T09:14:49","date_gmt":"2019-10-14T07:14:49","guid":{"rendered":"http:\/\/agora.xtec.cat\/iescamarles\/?p=3287"},"modified":"2019-10-29T12:45:00","modified_gmt":"2019-10-29T11:45:00","slug":"2019-any-internacional-de-la-taula-periodica-dels-elements-quimics","status":"publish","type":"post","link":"https:\/\/agora.xtec.cat\/iescamarles\/portada\/2019-any-internacional-de-la-taula-periodica-dels-elements-quimics\/","title":{"rendered":"2019: ANY INTERNACIONAL DE LA TAULA PERI\u00d2DICA DELS ELEMENTS QU\u00cdMICS"},"content":{"rendered":"<p align=\"justify\"><span style=\"color: #222222;\"><span style=\"font-family: Arial, serif;\">Enguany es commemora el descobriment del sistema peri\u00f2dic, ara fa 150 anys, de Dmitri Mendel\u00e9iev.<\/span><\/span><\/p>\n<p align=\"justify\"><span style=\"font-family: Arial, serif;\">La <\/span><span style=\"font-family: Arial, serif;\"><b>Facultat de Qu\u00edmica<\/b><\/span><span style=\"font-family: Arial, serif;\"> de la URV ha promogut el recull d\u2019informaci\u00f3 sobre els elements qu\u00edmics de la taula peri\u00f2dica entre els instituts de Tarragona.<\/span><\/p>\n<p align=\"justify\"><span style=\"font-family: Arial, serif;\">L\u2019<\/span><span style=\"font-family: Arial, serif;\"><b>Institut de Camarles<\/b><\/span><span style=\"font-family: Arial, serif;\"> ha participat en el projecte amb alumnes de <\/span><span style=\"font-family: Arial, serif;\"><b>F\u00edsica i Qu\u00edmica de 4t ESO del curs 2018\/19<\/b><\/span><span style=\"font-family: Arial, serif;\">.<\/span><\/p>\n<p align=\"justify\"><span style=\"font-family: Arial, serif;\">Amb la informaci\u00f3 recollida s\u2019han dissenyat cubs tridimensionals per a cada element que s\u00f3n exposats en les farm\u00e0cies de la demarcaci\u00f3 de Tarragona participants en el projecte. Tamb\u00e9 s\u2019ha elaborat un \u00e0lbum\/p\u00f2ster que es distribuir\u00e0 de forma gratu\u00efta amb el Diari de Tarragona del dia 15 d\u2019octubre i cromos que es poden aconseguir en les farm\u00e0cies participants del projecte. <\/span><\/p>\n<p align=\"justify\"><span style=\"font-family: Arial, serif;\">Podeu consultar tota la informaci\u00f3 en l\u2019enlla\u00e7 seg\u00fcent:<\/span><\/p>\n<p><a href=\"http:\/\/taulaperiodica-stem.cat\/\" target=\"_blank\" rel=\"noopener noreferrer\">http:\/\/taulaperiodica-stem.cat\/<\/a><\/p>\n","protected":false},"excerpt":{"rendered":"<p>Enguany es commemora el descobriment del sistema peri\u00f2dic, ara fa 150 anys, de Dmitri Mendel\u00e9iev.<br \/>\nLa Facultat de Qu\u00edmica de la URV ha promogut el recull d\u2019informaci\u00f3 sobre els elements qu\u00edmics de la taula peri\u00f2dica entre els instituts de Tarragona.<br \/>\nL\u2019Institut de Camarles ha participat en el&hellip;  <a href=\"https:\/\/agora.xtec.cat\/iescamarles\/portada\/2019-any-internacional-de-la-taula-periodica-dels-elements-quimics\/\" title=\"Read 2019: ANY INTERNACIONAL DE LA TAULA PERI\u00d2DICA DELS ELEMENTS QU\u00cdMICS\">Llegeix m\u00e9s\u00bb<\/a><\/p>\n","protected":false},"author":51,"featured_media":3288,"comment_status":"closed","ping_status":"closed","sticky":false,"template":"","format":"standard","meta":{"_bbp_topic_count":0,"_bbp_reply_count":0,"_bbp_total_topic_count":0,"_bbp_total_reply_count":0,"_bbp_voice_count":0,"_bbp_anonymous_reply_count":0,"_bbp_topic_count_hidden":0,"_bbp_reply_count_hidden":0,"_bbp_forum_subforum_count":0,"footnotes":""},"categories":[29],"tags":[],"class_list":["post-3287","post","type-post","status-publish","format-standard","has-post-thumbnail","hentry","category-portada"],"post_mailing_queue_ids":[],"_links":{"self":[{"href":"https:\/\/agora.xtec.cat\/iescamarles\/wp-json\/wp\/v2\/posts\/3287","targetHints":{"allow":["GET"]}}],"collection":[{"href":"https:\/\/agora.xtec.cat\/iescamarles\/wp-json\/wp\/v2\/posts"}],"about":[{"href":"https:\/\/agora.xtec.cat\/iescamarles\/wp-json\/wp\/v2\/types\/post"}],"author":[{"embeddable":true,"href":"https:\/\/agora.xtec.cat\/iescamarles\/wp-json\/wp\/v2\/users\/51"}],"replies":[{"embeddable":true,"href":"https:\/\/agora.xtec.cat\/iescamarles\/wp-json\/wp\/v2\/comments?post=3287"}],"version-history":[{"count":2,"href":"https:\/\/agora.xtec.cat\/iescamarles\/wp-json\/wp\/v2\/posts\/3287\/revisions"}],"predecessor-version":[{"id":3315,"href":"https:\/\/agora.xtec.cat\/iescamarles\/wp-json\/wp\/v2\/posts\/3287\/revisions\/3315"}],"wp:featuredmedia":[{"embeddable":true,"href":"https:\/\/agora.xtec.cat\/iescamarles\/wp-json\/wp\/v2\/media\/3288"}],"wp:attachment":[{"href":"https:\/\/agora.xtec.cat\/iescamarles\/wp-json\/wp\/v2\/media?parent=3287"}],"wp:term":[{"taxonomy":"category","embeddable":true,"href":"https:\/\/agora.xtec.cat\/iescamarles\/wp-json\/wp\/v2\/categories?post=3287"},{"taxonomy":"post_tag","embeddable":true,"href":"https:\/\/agora.xtec.cat\/iescamarles\/wp-json\/wp\/v2\/tags?post=3287"}],"curies":[{"name":"wp","href":"https:\/\/api.w.org\/{rel}","templated":true}]}}