{"id":3042,"date":"2019-05-17T13:00:26","date_gmt":"2019-05-17T11:00:26","guid":{"rendered":"http:\/\/agora.xtec.cat\/iescamarles\/?p=3042"},"modified":"2019-05-20T15:12:07","modified_gmt":"2019-05-20T13:12:07","slug":"els-alumnes-de-4t-al-centre-dinterpretacio-de-larros-i-a-amiblu","status":"publish","type":"post","link":"https:\/\/agora.xtec.cat\/iescamarles\/portada\/els-alumnes-de-4t-al-centre-dinterpretacio-de-larros-i-a-amiblu\/","title":{"rendered":"ELS ALUMNES DE 4t AL CENTRE D&#8217;INTERPRETACI\u00d3 DE L&#8217;ARR\u00d2S I A AMIBLU"},"content":{"rendered":"<p><span style=\"font-weight: 400;\">El dimecres 15 de maig, els alumnes de <\/span><b>4t d\u2019ESO<\/b><span style=\"font-weight: 400;\"> de l\u2019itinerari <\/span><b>tecnol\u00f2gic<\/b><span style=\"font-weight: 400;\"> van realitzat una sortida pedag\u00f2gica en la que es van visitar dos llocs del municipi de Camarles (<a href=\"https:\/\/photos.app.goo.gl\/VHS5523F7Rpv2GnAA\" target=\"_blank\" rel=\"noopener noreferrer\">Veure fotos<\/a>). Primerament, es va visitar el <\/span><b>\u201cCentre d\u2019interpretaci\u00f3 de l\u2019arr\u00f2s\u201d<\/b><span style=\"font-weight: 400;\">, ubicat a l\u2019edifici de l\u2019antiga Cooperativa Agr\u00edcola Arrossera de Camarles. All\u00ed es va poder veure el proc\u00e9s del cultiu de l\u2019arr\u00f2s al Delta i les transformacions que sofreix al mol\u00ed fins arribar a la botiga.<\/span><\/p>\n<p><span style=\"font-weight: 400;\">Seguidament, van assistir a una visita guiada a l\u2019empresa multinacional <\/span><b>Amiblu<\/b><span style=\"font-weight: 400;\">, situada al pol\u00edgon industrial Venta Nova. Durant la visita a planta, es va poder veure el proc\u00e9s de producci\u00f3 de canonades i elements complementaris.<\/span><\/p>\n<p><span style=\"font-weight: 400;\">Els alumnes van mostrar molt inter\u00e8s en ambdues visites, ja que van poder veure possibles sortides professionals i relacionar-les amb estudis post-obligatoris que poden cursar.<\/span><\/p>\n","protected":false},"excerpt":{"rendered":"<p>El dimecres 15 de maig, els alumnes de 4t d\u2019ESO de l\u2019itinerari tecnol\u00f2gic van realitzat una sortida pedag\u00f2gica en la que es van visitar dos llocs del municipi de Camarles (<a href=\"https:\/\/photos.app.goo.gl\/VHS5523F7Rpv2GnAA\" target=\"_blank\" rel=\"noopener noreferrer\">Veure fotos<\/a>). Primerament, es va visitar el \u201cCentre d\u2019interpretaci\u00f3 de l\u2019arr\u00f2s\u201d,&hellip;  <a href=\"https:\/\/agora.xtec.cat\/iescamarles\/portada\/els-alumnes-de-4t-al-centre-dinterpretacio-de-larros-i-a-amiblu\/\" title=\"Read ELS ALUMNES DE 4t AL CENTRE D&#8217;INTERPRETACI\u00d3 DE L&#8217;ARR\u00d2S I A AMIBLU\">Llegeix m\u00e9s\u00bb<\/a><\/p>\n","protected":false},"author":51,"featured_media":3043,"comment_status":"closed","ping_status":"closed","sticky":false,"template":"","format":"standard","meta":{"_bbp_topic_count":0,"_bbp_reply_count":0,"_bbp_total_topic_count":0,"_bbp_total_reply_count":0,"_bbp_voice_count":0,"_bbp_anonymous_reply_count":0,"_bbp_topic_count_hidden":0,"_bbp_reply_count_hidden":0,"_bbp_forum_subforum_count":0,"footnotes":""},"categories":[29],"tags":[],"class_list":["post-3042","post","type-post","status-publish","format-standard","has-post-thumbnail","hentry","category-portada"],"post_mailing_queue_ids":[],"_links":{"self":[{"href":"https:\/\/agora.xtec.cat\/iescamarles\/wp-json\/wp\/v2\/posts\/3042","targetHints":{"allow":["GET"]}}],"collection":[{"href":"https:\/\/agora.xtec.cat\/iescamarles\/wp-json\/wp\/v2\/posts"}],"about":[{"href":"https:\/\/agora.xtec.cat\/iescamarles\/wp-json\/wp\/v2\/types\/post"}],"author":[{"embeddable":true,"href":"https:\/\/agora.xtec.cat\/iescamarles\/wp-json\/wp\/v2\/users\/51"}],"replies":[{"embeddable":true,"href":"https:\/\/agora.xtec.cat\/iescamarles\/wp-json\/wp\/v2\/comments?post=3042"}],"version-history":[{"count":3,"href":"https:\/\/agora.xtec.cat\/iescamarles\/wp-json\/wp\/v2\/posts\/3042\/revisions"}],"predecessor-version":[{"id":3046,"href":"https:\/\/agora.xtec.cat\/iescamarles\/wp-json\/wp\/v2\/posts\/3042\/revisions\/3046"}],"wp:featuredmedia":[{"embeddable":true,"href":"https:\/\/agora.xtec.cat\/iescamarles\/wp-json\/wp\/v2\/media\/3043"}],"wp:attachment":[{"href":"https:\/\/agora.xtec.cat\/iescamarles\/wp-json\/wp\/v2\/media?parent=3042"}],"wp:term":[{"taxonomy":"category","embeddable":true,"href":"https:\/\/agora.xtec.cat\/iescamarles\/wp-json\/wp\/v2\/categories?post=3042"},{"taxonomy":"post_tag","embeddable":true,"href":"https:\/\/agora.xtec.cat\/iescamarles\/wp-json\/wp\/v2\/tags?post=3042"}],"curies":[{"name":"wp","href":"https:\/\/api.w.org\/{rel}","templated":true}]}}