{"id":979,"date":"2017-10-09T10:21:09","date_gmt":"2017-10-09T08:21:09","guid":{"rendered":"http:\/\/agora.xtec.cat\/iescalgravat\/?p=979"},"modified":"2018-02-02T11:39:25","modified_gmt":"2018-02-02T10:39:25","slug":"compartint-histories-de-vida","status":"publish","type":"post","link":"https:\/\/agora.xtec.cat\/iescalgravat\/general\/compartint-histories-de-vida\/","title":{"rendered":"\u201cCompartint hist\u00f2ries de vida\u201d"},"content":{"rendered":"<p>Els alumnes de 1r de batxillerat que fan l\u2019optativa de Psicologia, aquest curs faran un intercanvi intergeneracional entre els avis i \u00e0vies de la Resid\u00e8ncia Assistida Font dels Capellans.<\/p>\n<p>Aix\u00ed tots els dimecres, a l\u2019hora de Psicologia, anirem a la resid\u00e8ncia per dur a terme el projecte: <strong><em>\u201cCompartint hist\u00f2ries de vida\u201d<\/em><\/strong>\u00a0 amb l\u2019objectiu d\u2019aprofundir en les relacions personals, establir vincles, aprendre els uns dels altres compartint coneixements, experi\u00e8ncies\u00a0 i hist\u00f2ries de vida.<\/p>\n<p>El passat dimecres es va dur a terme la primera sessi\u00f3 grupal on a part de fer les presentacions, els alumnes van poder fer preguntes als avis i \u00e0vies sobre diferents aspectes de l\u2019actualitat.<\/p>\n<p>La primera experi\u00e8ncia va ser molt positiva i va engrescar a l\u2019alumnat a participar de forma activa en el projecte.<\/p>\n<p>De ben segur que ser\u00e0 un projecte motivador que far\u00e0 que a partir de les viv\u00e8ncies personals, els alumnes puguin reflexionar, comunicar-se i compartir tot afavorint el coneixement mutu i millorant les relacions interpersonals.<\/p>\n","protected":false},"excerpt":{"rendered":"<p>Els alumnes de 1r de batxillerat que fan l\u2019optativa de Psicologia, aquest curs faran un intercanvi intergeneracional entre els avis i \u00e0vies de la Resid\u00e8ncia Assistida Font dels Capellans.<br \/>\nAix\u00ed tots els dimecres, a l\u2019hora de Psicologia, anirem a la resid\u00e8ncia per dur a terme el&hellip;  <a href=\"https:\/\/agora.xtec.cat\/iescalgravat\/general\/compartint-histories-de-vida\/\" title=\"Read \u201cCompartint hist\u00f2ries de vida\u201d\">Llegeix m\u00e9s\u00bb<\/a><\/p>\n","protected":false},"author":1,"featured_media":980,"comment_status":"open","ping_status":"closed","sticky":false,"template":"","format":"standard","meta":{"_bbp_topic_count":0,"_bbp_reply_count":0,"_bbp_total_topic_count":0,"_bbp_total_reply_count":0,"_bbp_voice_count":0,"_bbp_anonymous_reply_count":0,"_bbp_topic_count_hidden":0,"_bbp_reply_count_hidden":0,"_bbp_forum_subforum_count":0,"footnotes":""},"categories":[8,1],"tags":[],"class_list":["post-979","post","type-post","status-publish","format-standard","has-post-thumbnail","hentry","category-batxillerat","category-general"],"post_mailing_queue_ids":[],"_links":{"self":[{"href":"https:\/\/agora.xtec.cat\/iescalgravat\/wp-json\/wp\/v2\/posts\/979","targetHints":{"allow":["GET"]}}],"collection":[{"href":"https:\/\/agora.xtec.cat\/iescalgravat\/wp-json\/wp\/v2\/posts"}],"about":[{"href":"https:\/\/agora.xtec.cat\/iescalgravat\/wp-json\/wp\/v2\/types\/post"}],"author":[{"embeddable":true,"href":"https:\/\/agora.xtec.cat\/iescalgravat\/wp-json\/wp\/v2\/users\/1"}],"replies":[{"embeddable":true,"href":"https:\/\/agora.xtec.cat\/iescalgravat\/wp-json\/wp\/v2\/comments?post=979"}],"version-history":[{"count":2,"href":"https:\/\/agora.xtec.cat\/iescalgravat\/wp-json\/wp\/v2\/posts\/979\/revisions"}],"predecessor-version":[{"id":1158,"href":"https:\/\/agora.xtec.cat\/iescalgravat\/wp-json\/wp\/v2\/posts\/979\/revisions\/1158"}],"wp:featuredmedia":[{"embeddable":true,"href":"https:\/\/agora.xtec.cat\/iescalgravat\/wp-json\/wp\/v2\/media\/980"}],"wp:attachment":[{"href":"https:\/\/agora.xtec.cat\/iescalgravat\/wp-json\/wp\/v2\/media?parent=979"}],"wp:term":[{"taxonomy":"category","embeddable":true,"href":"https:\/\/agora.xtec.cat\/iescalgravat\/wp-json\/wp\/v2\/categories?post=979"},{"taxonomy":"post_tag","embeddable":true,"href":"https:\/\/agora.xtec.cat\/iescalgravat\/wp-json\/wp\/v2\/tags?post=979"}],"curies":[{"name":"wp","href":"https:\/\/api.w.org\/{rel}","templated":true}]}}