{"id":964,"date":"2017-10-06T11:16:01","date_gmt":"2017-10-06T09:16:01","guid":{"rendered":"http:\/\/agora.xtec.cat\/iescalgravat\/?p=964"},"modified":"2017-12-01T11:42:32","modified_gmt":"2017-12-01T10:42:32","slug":"manifest-llegit-pels-alumnes-deso-21017","status":"publish","type":"post","link":"https:\/\/agora.xtec.cat\/iescalgravat\/general\/manifest-llegit-pels-alumnes-deso-21017\/","title":{"rendered":"MANIFEST LLEGIT PELS ALUMNES D&#8217;ESO (2\/10\/17)"},"content":{"rendered":"<p align=\"CENTER\"><span style=\"font-family: Arial, serif;\"><span style=\"font-size: medium;\"><b>MANIFEST<\/b><\/span><\/span><\/p>\n<p align=\"JUSTIFY\">Estem aqui per manifestar-nos a favor dels drets que es deriven de la Democr\u00e0cia. Davant dels fets ocorreguts aquests dies creiem que s\u2019estan vulnerant els drets fonamentals de tota societat democr\u00e0tica com la llibertat d\u2019expressi\u00f3, el dret de reuni\u00f3, el dret a la intimitat, el dret a decidir,&#8230;entre altres.<\/p>\n<p align=\"JUSTIFY\"><span style=\"font-family: Arial, serif;\"><span style=\"font-size: medium;\">\u00c9s per aix\u00f2 que manifestem que el di\u00e0leg \u00e9s i ha de ser sempre el cam\u00ed cap a l\u2019entesa i la resoluci\u00f3 pac\u00edfica.<\/span><\/span><\/p>\n<p align=\"JUSTIFY\"><span style=\"font-family: Arial, serif;\"><span style=\"font-size: medium;\">Des de l&#8217;institut Cal Gravat, ens comprometem a ser exemples de di\u00e0leg, a promoure i respectar les opinions dels companys i companyes, dels professors i professores i de tots els membres de la comunitat i afavorir, sempre, actituds de Pau i de conviv\u00e8ncia.<\/span><\/span><\/p>\n<p align=\"JUSTIFY\">Salut!<\/p>\n<div class=\"yj6qo ajU\">\n<div id=\":63\" class=\"ajR\" tabindex=\"0\" data-tooltip=\"Mostra el contingut redu\u00eft\"><img decoding=\"async\" class=\"ajT\" src=\"https:\/\/ssl.gstatic.com\/ui\/v1\/icons\/mail\/images\/cleardot.gif\" \/><a href=\"http:\/\/agora.xtec.cat\/iescalgravat\/wp-content\/uploads\/usu63\/2017\/10\/20171006_105925-1280x279.jpg\"><img loading=\"lazy\" decoding=\"async\" class=\"aligncenter wp-image-970 \" src=\"http:\/\/agora.xtec.cat\/iescalgravat\/wp-content\/uploads\/usu63\/2017\/10\/20171006_105925-1280x279-300x65.jpg\" alt=\"\" width=\"647\" height=\"140\" srcset=\"https:\/\/agora.xtec.cat\/iescalgravat\/wp-content\/uploads\/usu63\/2017\/10\/20171006_105925-1280x279-300x65.jpg 300w, https:\/\/agora.xtec.cat\/iescalgravat\/wp-content\/uploads\/usu63\/2017\/10\/20171006_105925-1280x279-768x167.jpg 768w, https:\/\/agora.xtec.cat\/iescalgravat\/wp-content\/uploads\/usu63\/2017\/10\/20171006_105925-1280x279-1024x223.jpg 1024w, https:\/\/agora.xtec.cat\/iescalgravat\/wp-content\/uploads\/usu63\/2017\/10\/20171006_105925-1280x279.jpg 1280w\" sizes=\"auto, (max-width: 647px) 100vw, 647px\" \/><\/a><\/div>\n<\/div>\n","protected":false},"excerpt":{"rendered":"<p>MANIFEST<br \/>\nEstem aqui per manifestar-nos a favor dels drets que es deriven de la Democr\u00e0cia. Davant dels fets ocorreguts aquests dies creiem que s\u2019estan vulnerant els drets fonamentals de tota societat democr\u00e0tica com la llibertat d\u2019expressi\u00f3, el dret de reuni\u00f3, el dret a la intimitat, el&hellip;  <a href=\"https:\/\/agora.xtec.cat\/iescalgravat\/general\/manifest-llegit-pels-alumnes-deso-21017\/\" title=\"Read MANIFEST LLEGIT PELS ALUMNES D&#8217;ESO (2\/10\/17)\">Llegeix m\u00e9s\u00bb<\/a><\/p>\n","protected":false},"author":1,"featured_media":0,"comment_status":"open","ping_status":"closed","sticky":false,"template":"","format":"standard","meta":{"_bbp_topic_count":0,"_bbp_reply_count":0,"_bbp_total_topic_count":0,"_bbp_total_reply_count":0,"_bbp_voice_count":0,"_bbp_anonymous_reply_count":0,"_bbp_topic_count_hidden":0,"_bbp_reply_count_hidden":0,"_bbp_forum_subforum_count":0,"footnotes":""},"categories":[1],"tags":[],"class_list":["post-964","post","type-post","status-publish","format-standard","hentry","category-general"],"post_mailing_queue_ids":[],"_links":{"self":[{"href":"https:\/\/agora.xtec.cat\/iescalgravat\/wp-json\/wp\/v2\/posts\/964","targetHints":{"allow":["GET"]}}],"collection":[{"href":"https:\/\/agora.xtec.cat\/iescalgravat\/wp-json\/wp\/v2\/posts"}],"about":[{"href":"https:\/\/agora.xtec.cat\/iescalgravat\/wp-json\/wp\/v2\/types\/post"}],"author":[{"embeddable":true,"href":"https:\/\/agora.xtec.cat\/iescalgravat\/wp-json\/wp\/v2\/users\/1"}],"replies":[{"embeddable":true,"href":"https:\/\/agora.xtec.cat\/iescalgravat\/wp-json\/wp\/v2\/comments?post=964"}],"version-history":[{"count":4,"href":"https:\/\/agora.xtec.cat\/iescalgravat\/wp-json\/wp\/v2\/posts\/964\/revisions"}],"predecessor-version":[{"id":974,"href":"https:\/\/agora.xtec.cat\/iescalgravat\/wp-json\/wp\/v2\/posts\/964\/revisions\/974"}],"wp:attachment":[{"href":"https:\/\/agora.xtec.cat\/iescalgravat\/wp-json\/wp\/v2\/media?parent=964"}],"wp:term":[{"taxonomy":"category","embeddable":true,"href":"https:\/\/agora.xtec.cat\/iescalgravat\/wp-json\/wp\/v2\/categories?post=964"},{"taxonomy":"post_tag","embeddable":true,"href":"https:\/\/agora.xtec.cat\/iescalgravat\/wp-json\/wp\/v2\/tags?post=964"}],"curies":[{"name":"wp","href":"https:\/\/api.w.org\/{rel}","templated":true}]}}