{"id":817,"date":"2017-06-02T09:17:59","date_gmt":"2017-06-02T07:17:59","guid":{"rendered":"http:\/\/agora.xtec.cat\/iescalgravat\/?p=817"},"modified":"2017-09-18T10:49:10","modified_gmt":"2017-09-18T08:49:10","slug":"cloenda-del-programa-laboralia","status":"publish","type":"post","link":"https:\/\/agora.xtec.cat\/iescalgravat\/general\/cloenda-del-programa-laboralia\/","title":{"rendered":"CLOENDA DEL PROGRAMA LABOR\u00c0LIA"},"content":{"rendered":"<p>Dimarts dia 30 de maig, es va celebrar l\u2019acte de cloenda del programa Labor\u00e0lia impulsat per l\u2019Ajuntament i la Diputaci\u00f3 de Barcelona, en el qual hi han participat un grup d\u2019alumnes de 4t d\u2019ESO del nostre institut.<br \/>\nL\u2019objectiu d\u2019aquest programa \u00e9s familiaritzar i formar l\u2019alumnat en els diferents oficis que s\u2019ofereixen i donar-los l\u2019oportunitat d\u2019acabar l\u2019educaci\u00f3 secund\u00e0ria amb \u00e8xit. Enguany hi han participat 60 alumnes dels diferents instituts de Manresa.<br \/>\nL\u2019acte de cloenda es va celebrar al Sal\u00f3 de Sessions de l\u2019Ajuntament de Manresa amb la pres\u00e8ncia de la regidora de Cultura i Joventut, Anna Crespo; de la regidora d\u2019Ocupaci\u00f3 i Emprenedoria, Cristina Cruz; de la regidora d\u2019Ensenyament i Universitats, Merc\u00e8 Rosich; i de la directora dels Serveis Territorials d\u2019Ensenyament a la Catalunya Central, Anna Torruella; aix\u00ed com tot l\u2019alumnat, professorat i les persones que duen a terme el projecte.<\/p>\n<p>Durant l\u2019acte es van lliurar els diplomes als nois i noies participants en el programa i posteriorment es va fer la visita a l\u2019exposici\u00f3 dels seus treballs realitzats en els diferents tallers (administratiu, perruqueria, decoraci\u00f3 i pintura, electricitat, animaci\u00f3 cultural, salut, imatge digital i orientaci\u00f3).<br \/>\nL\u2019alumnat del nostre institut: <strong>\u00c8ric Duque, Kevin Caso, Jose Rado, Carmen Claveria i Iman Yermak<\/strong> han assistit a aquestes activitats formatives (te\u00f2riques i pr\u00e0ctiques) al llarg de tot el curs dos dies a la setmana, els dimarts i dijous i les han assolides amb \u00e8xit. Han valorat positivament aquesta experi\u00e8ncia i s\u2019han mostrat for\u00e7a motivats en participar en els diferents tallers i sobretot en el fet d\u2019aprendre d\u2019una manera diferent, a trav\u00e9s de l\u2019experimentaci\u00f3 i la pr\u00e0ctica.<br \/>\nFelicitats!!! <\/p>\n","protected":false},"excerpt":{"rendered":"<p>Dimarts dia 30 de maig, es va celebrar l\u2019acte de cloenda del programa Labor\u00e0lia impulsat per l\u2019Ajuntament i la Diputaci\u00f3 de Barcelona, en el qual hi han participat un grup d\u2019alumnes de 4t d\u2019ESO del nostre institut.<br \/>\nL\u2019objectiu d\u2019aquest programa \u00e9s familiaritzar i formar l\u2019alumnat en&hellip;  <a href=\"https:\/\/agora.xtec.cat\/iescalgravat\/general\/cloenda-del-programa-laboralia\/\" title=\"Read CLOENDA DEL PROGRAMA LABOR\u00c0LIA\">Llegeix m\u00e9s\u00bb<\/a><\/p>\n","protected":false},"author":1,"featured_media":818,"comment_status":"open","ping_status":"closed","sticky":false,"template":"","format":"standard","meta":{"_bbp_topic_count":0,"_bbp_reply_count":0,"_bbp_total_topic_count":0,"_bbp_total_reply_count":0,"_bbp_voice_count":0,"_bbp_anonymous_reply_count":0,"_bbp_topic_count_hidden":0,"_bbp_reply_count_hidden":0,"_bbp_forum_subforum_count":0,"footnotes":""},"categories":[7,1],"tags":[],"class_list":["post-817","post","type-post","status-publish","format-standard","has-post-thumbnail","hentry","category-eso-4","category-general"],"post_mailing_queue_ids":[],"_links":{"self":[{"href":"https:\/\/agora.xtec.cat\/iescalgravat\/wp-json\/wp\/v2\/posts\/817","targetHints":{"allow":["GET"]}}],"collection":[{"href":"https:\/\/agora.xtec.cat\/iescalgravat\/wp-json\/wp\/v2\/posts"}],"about":[{"href":"https:\/\/agora.xtec.cat\/iescalgravat\/wp-json\/wp\/v2\/types\/post"}],"author":[{"embeddable":true,"href":"https:\/\/agora.xtec.cat\/iescalgravat\/wp-json\/wp\/v2\/users\/1"}],"replies":[{"embeddable":true,"href":"https:\/\/agora.xtec.cat\/iescalgravat\/wp-json\/wp\/v2\/comments?post=817"}],"version-history":[{"count":1,"href":"https:\/\/agora.xtec.cat\/iescalgravat\/wp-json\/wp\/v2\/posts\/817\/revisions"}],"predecessor-version":[{"id":819,"href":"https:\/\/agora.xtec.cat\/iescalgravat\/wp-json\/wp\/v2\/posts\/817\/revisions\/819"}],"wp:featuredmedia":[{"embeddable":true,"href":"https:\/\/agora.xtec.cat\/iescalgravat\/wp-json\/wp\/v2\/media\/818"}],"wp:attachment":[{"href":"https:\/\/agora.xtec.cat\/iescalgravat\/wp-json\/wp\/v2\/media?parent=817"}],"wp:term":[{"taxonomy":"category","embeddable":true,"href":"https:\/\/agora.xtec.cat\/iescalgravat\/wp-json\/wp\/v2\/categories?post=817"},{"taxonomy":"post_tag","embeddable":true,"href":"https:\/\/agora.xtec.cat\/iescalgravat\/wp-json\/wp\/v2\/tags?post=817"}],"curies":[{"name":"wp","href":"https:\/\/api.w.org\/{rel}","templated":true}]}}