{"id":7944,"date":"2026-04-22T11:40:40","date_gmt":"2026-04-22T09:40:40","guid":{"rendered":"https:\/\/agora.xtec.cat\/iescalgravat\/?p=7944"},"modified":"2026-04-22T11:40:40","modified_gmt":"2026-04-22T09:40:40","slug":"teatre-pompeu-fabra-sescriu-amb-ce-trencada","status":"publish","type":"post","link":"https:\/\/agora.xtec.cat\/iescalgravat\/general\/teatre-pompeu-fabra-sescriu-amb-ce-trencada\/","title":{"rendered":"Teatre: &#8220;Pompeu Fabra s&#8217;escriu amb ce trencada&#8221;."},"content":{"rendered":"<p>El dimarts 15 d&#8217;abril l&#8217;alumnat de 1r de Batxillerat vam assistir a la sala petita del Kursaal a veure l&#8217;obra de teatre &#8220;Pompeu Fabra s&#8217;escriu amb ce trencada&#8221;, de la companyia Terra Teatre. Aquesta \u00e9s una proposta educativa que ve de m\u00e0 de l&#8217;Ajuntament de Manresa i el PEC (Pla Educatiu d&#8217;Entorn). Amb ella, vam descobrir la import\u00e0ncia de la nostra llengua mitjan\u00e7ant el viatge apassionant del &#8220;Mestre&#8221; Pompeu Fabra, qui va dedicar la seva vida a dignificar i prestigiar el catal\u00e0. L&#8217;obra ens va transportar als reptes que la llengua catalana va enfrontar a comen\u00e7aments del segle XX i els connecta amb els conflictes actuals, on el catal\u00e0 lluita per mantenir-se viu.<\/p>\n<p><a href=\"https:\/\/agora.xtec.cat\/iescalgravat\/wp-content\/uploads\/usu63\/2026\/04\/20260416-Fabra-teatre-NURIA-ROBLES-CIRIA.png\"><img loading=\"lazy\" decoding=\"async\" class=\"aligncenter size-full wp-image-7945\" src=\"https:\/\/agora.xtec.cat\/iescalgravat\/wp-content\/uploads\/usu63\/2026\/04\/20260416-Fabra-teatre-NURIA-ROBLES-CIRIA.png\" alt=\"\" width=\"1024\" height=\"640\" srcset=\"https:\/\/agora.xtec.cat\/iescalgravat\/wp-content\/uploads\/usu63\/2026\/04\/20260416-Fabra-teatre-NURIA-ROBLES-CIRIA.png 1024w, https:\/\/agora.xtec.cat\/iescalgravat\/wp-content\/uploads\/usu63\/2026\/04\/20260416-Fabra-teatre-NURIA-ROBLES-CIRIA-300x188.png 300w, https:\/\/agora.xtec.cat\/iescalgravat\/wp-content\/uploads\/usu63\/2026\/04\/20260416-Fabra-teatre-NURIA-ROBLES-CIRIA-768x480.png 768w\" sizes=\"auto, (max-width: 1024px) 100vw, 1024px\" \/><\/a><\/p>\n","protected":false},"excerpt":{"rendered":"<p>El dimarts 15 d&#8217;abril l&#8217;alumnat de 1r de Batxillerat vam assistir a la sala petita del Kursaal a veure l&#8217;obra de teatre &#8220;Pompeu Fabra s&#8217;escriu amb ce trencada&#8221;, de la companyia Terra Teatre. Aquesta \u00e9s una proposta educativa que ve de m\u00e0 de l&#8217;Ajuntament de&hellip;  <a href=\"https:\/\/agora.xtec.cat\/iescalgravat\/general\/teatre-pompeu-fabra-sescriu-amb-ce-trencada\/\" title=\"Read Teatre: &#8220;Pompeu Fabra s&#8217;escriu amb ce trencada&#8221;.\">Llegeix m\u00e9s\u00bb<\/a><\/p>\n","protected":false},"author":1,"featured_media":7945,"comment_status":"open","ping_status":"open","sticky":false,"template":"","format":"standard","meta":{"_bbp_topic_count":0,"_bbp_reply_count":0,"_bbp_total_topic_count":0,"_bbp_total_reply_count":0,"_bbp_voice_count":0,"_bbp_anonymous_reply_count":0,"_bbp_topic_count_hidden":0,"_bbp_reply_count_hidden":0,"_bbp_forum_subforum_count":0,"footnotes":""},"categories":[1,29],"tags":[219,221,220,193],"class_list":["post-7944","post","type-post","status-publish","format-standard","has-post-thumbnail","hentry","category-general","category-portada","tag-manresa","tag-peemanresa","tag-terrateatre","tag-institutcalgravat"],"post_mailing_queue_ids":[],"_links":{"self":[{"href":"https:\/\/agora.xtec.cat\/iescalgravat\/wp-json\/wp\/v2\/posts\/7944","targetHints":{"allow":["GET"]}}],"collection":[{"href":"https:\/\/agora.xtec.cat\/iescalgravat\/wp-json\/wp\/v2\/posts"}],"about":[{"href":"https:\/\/agora.xtec.cat\/iescalgravat\/wp-json\/wp\/v2\/types\/post"}],"author":[{"embeddable":true,"href":"https:\/\/agora.xtec.cat\/iescalgravat\/wp-json\/wp\/v2\/users\/1"}],"replies":[{"embeddable":true,"href":"https:\/\/agora.xtec.cat\/iescalgravat\/wp-json\/wp\/v2\/comments?post=7944"}],"version-history":[{"count":2,"href":"https:\/\/agora.xtec.cat\/iescalgravat\/wp-json\/wp\/v2\/posts\/7944\/revisions"}],"predecessor-version":[{"id":7947,"href":"https:\/\/agora.xtec.cat\/iescalgravat\/wp-json\/wp\/v2\/posts\/7944\/revisions\/7947"}],"wp:featuredmedia":[{"embeddable":true,"href":"https:\/\/agora.xtec.cat\/iescalgravat\/wp-json\/wp\/v2\/media\/7945"}],"wp:attachment":[{"href":"https:\/\/agora.xtec.cat\/iescalgravat\/wp-json\/wp\/v2\/media?parent=7944"}],"wp:term":[{"taxonomy":"category","embeddable":true,"href":"https:\/\/agora.xtec.cat\/iescalgravat\/wp-json\/wp\/v2\/categories?post=7944"},{"taxonomy":"post_tag","embeddable":true,"href":"https:\/\/agora.xtec.cat\/iescalgravat\/wp-json\/wp\/v2\/tags?post=7944"}],"curies":[{"name":"wp","href":"https:\/\/api.w.org\/{rel}","templated":true}]}}