{"id":7864,"date":"2026-03-11T11:53:37","date_gmt":"2026-03-11T10:53:37","guid":{"rendered":"https:\/\/agora.xtec.cat\/iescalgravat\/?p=7864"},"modified":"2026-03-11T11:53:45","modified_gmt":"2026-03-11T10:53:45","slug":"aula-poetica-amb-sonia-moya","status":"publish","type":"post","link":"https:\/\/agora.xtec.cat\/iescalgravat\/general\/aula-poetica-amb-sonia-moya\/","title":{"rendered":"Aula po\u00e8tica amb S\u00f2nia Moya"},"content":{"rendered":"<p><span data-sheets-root=\"1\">Els alumnes de literatura catalana de 2n de batxillerat i alguns alumnes de 1r i 2n d&#8217;ESO han gaudit d&#8217;una sessi\u00f3 de lectura i comentari de poemes amb S\u00f2nia Moya. A part de mare d&#8217;una alumna de l&#8217;institut, S\u00f2nia Moya \u00e9s poeta i ha publicat 8 llibres de poemes i tamb\u00e9 ha practicat la traducci\u00f3. Ha dirigitla sessi\u00f3 llegint una selecci\u00f3 de poemes del seu \u00faltim llibre: &#8220;Dir el monstre&#8221;. Ens ha confrontat amb els petits monstres que portem a dintre des de ben petits i que van modelant la nostra identitat. Com recon\u00e8ixer-los ens fa m\u00e9s savis per a poder-los integrar i aix\u00ed, fer un salt en la nostra maduresa. Ha estat una experi\u00e8ncia molt profitosa per a tots els que l&#8217;hem pogut gaudir. Moltes gr\u00e0cies, S\u00f2nia!<\/span><\/p>\n<p><a href=\"https:\/\/agora.xtec.cat\/iescalgravat\/wp-content\/uploads\/usu63\/2026\/03\/20260304_AULAPOETICA2.jpg\"><img loading=\"lazy\" decoding=\"async\" class=\"aligncenter wp-image-7865 size-full\" src=\"https:\/\/agora.xtec.cat\/iescalgravat\/wp-content\/uploads\/usu63\/2026\/03\/20260304_AULAPOETICA2.jpg\" alt=\"\" width=\"1024\" height=\"768\" srcset=\"https:\/\/agora.xtec.cat\/iescalgravat\/wp-content\/uploads\/usu63\/2026\/03\/20260304_AULAPOETICA2.jpg 1024w, https:\/\/agora.xtec.cat\/iescalgravat\/wp-content\/uploads\/usu63\/2026\/03\/20260304_AULAPOETICA2-300x225.jpg 300w, https:\/\/agora.xtec.cat\/iescalgravat\/wp-content\/uploads\/usu63\/2026\/03\/20260304_AULAPOETICA2-768x576.jpg 768w, https:\/\/agora.xtec.cat\/iescalgravat\/wp-content\/uploads\/usu63\/2026\/03\/20260304_AULAPOETICA2-200x150.jpg 200w\" sizes=\"auto, (max-width: 1024px) 100vw, 1024px\" \/><\/a><\/p>\n","protected":false},"excerpt":{"rendered":"<p>Els alumnes de literatura catalana de 2n de batxillerat i alguns alumnes de 1r i 2n d&#8217;ESO han gaudit d&#8217;una sessi\u00f3 de lectura i comentari de poemes amb S\u00f2nia Moya. A part de mare d&#8217;una alumna de l&#8217;institut, S\u00f2nia Moya \u00e9s poeta i ha publicat&hellip;  <a href=\"https:\/\/agora.xtec.cat\/iescalgravat\/general\/aula-poetica-amb-sonia-moya\/\" title=\"Read Aula po\u00e8tica amb S\u00f2nia Moya\">Llegeix m\u00e9s\u00bb<\/a><\/p>\n","protected":false},"author":1,"featured_media":7865,"comment_status":"open","ping_status":"open","sticky":false,"template":"","format":"standard","meta":{"_bbp_topic_count":0,"_bbp_reply_count":0,"_bbp_total_topic_count":0,"_bbp_total_reply_count":0,"_bbp_voice_count":0,"_bbp_anonymous_reply_count":0,"_bbp_topic_count_hidden":0,"_bbp_reply_count_hidden":0,"_bbp_forum_subforum_count":0,"footnotes":""},"categories":[1,29],"tags":[],"class_list":["post-7864","post","type-post","status-publish","format-standard","has-post-thumbnail","hentry","category-general","category-portada"],"post_mailing_queue_ids":[],"_links":{"self":[{"href":"https:\/\/agora.xtec.cat\/iescalgravat\/wp-json\/wp\/v2\/posts\/7864","targetHints":{"allow":["GET"]}}],"collection":[{"href":"https:\/\/agora.xtec.cat\/iescalgravat\/wp-json\/wp\/v2\/posts"}],"about":[{"href":"https:\/\/agora.xtec.cat\/iescalgravat\/wp-json\/wp\/v2\/types\/post"}],"author":[{"embeddable":true,"href":"https:\/\/agora.xtec.cat\/iescalgravat\/wp-json\/wp\/v2\/users\/1"}],"replies":[{"embeddable":true,"href":"https:\/\/agora.xtec.cat\/iescalgravat\/wp-json\/wp\/v2\/comments?post=7864"}],"version-history":[{"count":2,"href":"https:\/\/agora.xtec.cat\/iescalgravat\/wp-json\/wp\/v2\/posts\/7864\/revisions"}],"predecessor-version":[{"id":7867,"href":"https:\/\/agora.xtec.cat\/iescalgravat\/wp-json\/wp\/v2\/posts\/7864\/revisions\/7867"}],"wp:featuredmedia":[{"embeddable":true,"href":"https:\/\/agora.xtec.cat\/iescalgravat\/wp-json\/wp\/v2\/media\/7865"}],"wp:attachment":[{"href":"https:\/\/agora.xtec.cat\/iescalgravat\/wp-json\/wp\/v2\/media?parent=7864"}],"wp:term":[{"taxonomy":"category","embeddable":true,"href":"https:\/\/agora.xtec.cat\/iescalgravat\/wp-json\/wp\/v2\/categories?post=7864"},{"taxonomy":"post_tag","embeddable":true,"href":"https:\/\/agora.xtec.cat\/iescalgravat\/wp-json\/wp\/v2\/tags?post=7864"}],"curies":[{"name":"wp","href":"https:\/\/api.w.org\/{rel}","templated":true}]}}