{"id":7847,"date":"2026-03-04T12:17:33","date_gmt":"2026-03-04T11:17:33","guid":{"rendered":"https:\/\/agora.xtec.cat\/iescalgravat\/?p=7847"},"modified":"2026-03-04T12:25:15","modified_gmt":"2026-03-04T11:25:15","slug":"%f0%9f%8c%88%e2%9c%a8-taller-diversitats-a-3r-deso-%e2%9c%a8%f0%9f%8c%88","status":"publish","type":"post","link":"https:\/\/agora.xtec.cat\/iescalgravat\/general\/%f0%9f%8c%88%e2%9c%a8-taller-diversitats-a-3r-deso-%e2%9c%a8%f0%9f%8c%88\/","title":{"rendered":"\ud83c\udf08\u2728 Taller \u201cDiversitats\u201d a 3r d\u2019ESO \u2728\ud83c\udf08"},"content":{"rendered":"<p>Aquesta setmana l\u2019alumnat de 3r d\u2019ESO ha participat en el taller <strong>\u201cDiversitats\u201d<\/strong>, una proposta per reflexionar, aprendre i cr\u00e9ixer entorn de la diversitat de g\u00e8nere i les orientacions sexuals del col\u00b7lectiu LGTBIQ+.<\/p>\n<p>De la m\u00e0 de <strong>La Ciranda<\/strong>, l\u2019alumnat ha analitzat comportaments, estereotips i actituds presents en el dia a dia, fomentant el respecte, l\u2019empatia i la conviv\u00e8ncia. A trav\u00e9s de din\u00e0miques participatives, s\u2019ha obert un espai segur per compartir dubtes, experi\u00e8ncies i punts de vista.<\/p>\n<p>\ud83d\udcac Parlar de diversitat \u00e9s parlar de drets, d\u2019identitat i de llibertat.<br \/>\n\ud83e\udd1d Educar en el respecte \u00e9s construir un futur m\u00e9s just i inclusiu.<\/p>\n<p>Gr\u00e0cies a totes les persones participants per la implicaci\u00f3 i l\u2019actitud oberta!<\/p>\n<p>&nbsp;<\/p>\n\r\n\t<div class=\"slideshow_container slideshow_container_style-light\" style=\"height: 800px; \" data-slideshow-id=\"7849\" data-style-name=\"style-light\" data-style-version=\"2.3.1\" >\r\n\r\n\t\t\t\t\t<div class=\"slideshow_loading_icon\"><\/div>\r\n\t\t\r\n\t\t<div class=\"slideshow_content\" style=\"display: none;\">\r\n\r\n\t\t\t<div class=\"slideshow_view\">\r\n\t\t\t\t<div class=\"slideshow_slide slideshow_slide_image\">\r\n\t\t\t\t\t\t\t\t\t\t\t<img src=\"https:\/\/agora.xtec.cat\/iescalgravat\/wp-content\/uploads\/usu63\/2026\/03\/20260304_Diversitats_3ESO3-e1772623311266.jpg\" alt=\"20260304_Diversitats_3ESO3\" width=\"1024\" height=\"642\" \/>\r\n\t\t\t\t\t\t\t\t\t\t<div class=\"slideshow_description_box slideshow_transparent\">\r\n\t\t\t\t\t\t<div class=\"slideshow_title\">20260304_Diversitats_3ESO3<\/div>\t\t\t\t\t\t\t\t\t\t\t<\/div>\r\n\t\t\t\t<\/div>\r\n\r\n\t\t\t\t\t\t<div style=\"clear: both;\"><\/div><\/div><div class=\"slideshow_view\">\r\n\t\t\t\t<div class=\"slideshow_slide slideshow_slide_image\">\r\n\t\t\t\t\t\t\t\t\t\t\t<img src=\"https:\/\/agora.xtec.cat\/iescalgravat\/wp-content\/uploads\/usu63\/2026\/03\/20260304_Diversitats_3ESO2.jpg\" alt=\"20260304_Diversitats_3ESO2\" width=\"1024\" height=\"1365\" \/>\r\n\t\t\t\t\t\t\t\t\t\t<div class=\"slideshow_description_box slideshow_transparent\">\r\n\t\t\t\t\t\t<div class=\"slideshow_title\">20260304_Diversitats_3ESO2<\/div>\t\t\t\t\t\t\t\t\t\t\t<\/div>\r\n\t\t\t\t<\/div>\r\n\r\n\t\t\t\t\t\t<div style=\"clear: both;\"><\/div><\/div><div class=\"slideshow_view\">\r\n\t\t\t\t<div class=\"slideshow_slide slideshow_slide_image\">\r\n\t\t\t\t\t\t\t\t\t\t\t<img src=\"https:\/\/agora.xtec.cat\/iescalgravat\/wp-content\/uploads\/usu63\/2026\/03\/20260304_Diversitats_3ESO1-e1772623493892.jpg\" alt=\"20260304_Diversitats_3ESO1\" width=\"1024\" height=\"842\" \/>\r\n\t\t\t\t\t\t\t\t\t\t<div class=\"slideshow_description_box slideshow_transparent\">\r\n\t\t\t\t\t\t<div class=\"slideshow_title\">20260304_Diversitats_3ESO1<\/div>\t\t\t\t\t\t\t\t\t\t\t<\/div>\r\n\t\t\t\t<\/div>\r\n\r\n\t\t\t\t\t\t<div style=\"clear: both;\"><\/div><\/div>\r\n\t\t<\/div>\r\n\r\n\t\t<div class=\"slideshow_controlPanel slideshow_transparent\" style=\"display: none;\"><ul><li class=\"slideshow_togglePlay\" data-play-text=\"Visualitza\" data-pause-text=\"Pausa\"><\/li><\/ul><\/div>\r\n\r\n\t\t<div class=\"slideshow_button slideshow_previous slideshow_transparent\" role=\"button\" data-previous-text=\"Anterior\" style=\"display: none;\"><\/div>\r\n\t\t<div class=\"slideshow_button slideshow_next slideshow_transparent\" role=\"button\" data-next-text=\"Seg\u00fcent\" style=\"display: none;\"><\/div>\r\n\r\n\t\t<div class=\"slideshow_pagination\" style=\"display: none;\" data-go-to-text=\"V\u00e9s a la diapositiva\"><div class=\"slideshow_pagination_center\"><\/div><\/div>\r\n\r\n\t\t<!-- WordPress Slideshow Version 2.3.1 -->\r\n\r\n\t\t\t<\/div>\r\n\r\n\n<p>&nbsp;<\/p>\n","protected":false},"excerpt":{"rendered":"<p>Aquesta setmana l\u2019alumnat de 3r d\u2019ESO ha participat en el taller \u201cDiversitats\u201d, una proposta per reflexionar, aprendre i cr\u00e9ixer entorn de la diversitat de g\u00e8nere i les orientacions sexuals del col\u00b7lectiu LGTBIQ+.<br \/>\nDe la m\u00e0 de La Ciranda, l\u2019alumnat ha analitzat comportaments, estereotips i actituds presents&hellip;  <a href=\"https:\/\/agora.xtec.cat\/iescalgravat\/general\/%f0%9f%8c%88%e2%9c%a8-taller-diversitats-a-3r-deso-%e2%9c%a8%f0%9f%8c%88\/\" title=\"Read \ud83c\udf08\u2728 Taller \u201cDiversitats\u201d a 3r d\u2019ESO \u2728\ud83c\udf08\">Llegeix m\u00e9s\u00bb<\/a><\/p>\n","protected":false},"author":1,"featured_media":7850,"comment_status":"open","ping_status":"open","sticky":false,"template":"","format":"standard","meta":{"_bbp_topic_count":0,"_bbp_reply_count":0,"_bbp_total_topic_count":0,"_bbp_total_reply_count":0,"_bbp_voice_count":0,"_bbp_anonymous_reply_count":0,"_bbp_topic_count_hidden":0,"_bbp_reply_count_hidden":0,"_bbp_forum_subforum_count":0,"footnotes":""},"categories":[1,29],"tags":[202,204,206,203,205],"class_list":["post-7847","post","type-post","status-publish","format-standard","has-post-thumbnail","hentry","category-general","category-portada","tag-diversitats","tag-educacioenvalors","tag-laciranda","tag-lgtbiq","tag-respecte"],"post_mailing_queue_ids":[],"_links":{"self":[{"href":"https:\/\/agora.xtec.cat\/iescalgravat\/wp-json\/wp\/v2\/posts\/7847","targetHints":{"allow":["GET"]}}],"collection":[{"href":"https:\/\/agora.xtec.cat\/iescalgravat\/wp-json\/wp\/v2\/posts"}],"about":[{"href":"https:\/\/agora.xtec.cat\/iescalgravat\/wp-json\/wp\/v2\/types\/post"}],"author":[{"embeddable":true,"href":"https:\/\/agora.xtec.cat\/iescalgravat\/wp-json\/wp\/v2\/users\/1"}],"replies":[{"embeddable":true,"href":"https:\/\/agora.xtec.cat\/iescalgravat\/wp-json\/wp\/v2\/comments?post=7847"}],"version-history":[{"count":3,"href":"https:\/\/agora.xtec.cat\/iescalgravat\/wp-json\/wp\/v2\/posts\/7847\/revisions"}],"predecessor-version":[{"id":7854,"href":"https:\/\/agora.xtec.cat\/iescalgravat\/wp-json\/wp\/v2\/posts\/7847\/revisions\/7854"}],"wp:featuredmedia":[{"embeddable":true,"href":"https:\/\/agora.xtec.cat\/iescalgravat\/wp-json\/wp\/v2\/media\/7850"}],"wp:attachment":[{"href":"https:\/\/agora.xtec.cat\/iescalgravat\/wp-json\/wp\/v2\/media?parent=7847"}],"wp:term":[{"taxonomy":"category","embeddable":true,"href":"https:\/\/agora.xtec.cat\/iescalgravat\/wp-json\/wp\/v2\/categories?post=7847"},{"taxonomy":"post_tag","embeddable":true,"href":"https:\/\/agora.xtec.cat\/iescalgravat\/wp-json\/wp\/v2\/tags?post=7847"}],"curies":[{"name":"wp","href":"https:\/\/api.w.org\/{rel}","templated":true}]}}