{"id":7826,"date":"2026-02-27T12:33:46","date_gmt":"2026-02-27T11:33:46","guid":{"rendered":"https:\/\/agora.xtec.cat\/iescalgravat\/?p=7826"},"modified":"2026-02-27T12:35:19","modified_gmt":"2026-02-27T11:35:19","slug":"artamic-2026","status":"publish","type":"post","link":"https:\/\/agora.xtec.cat\/iescalgravat\/general\/artamic-2026\/","title":{"rendered":"ArtAMIC 2026"},"content":{"rendered":"<p>La inauguraci\u00f3 de l\u2019exposici\u00f3 <span class=\"il\">Art AMiC<\/span>\u00a0\u2013\u00a0<em>Refugis<\/em>\u00a0tindr\u00e0 lloc el\u00a0<strong>6 de mar\u00e7 a les 18 h<\/strong>\u00a0a l\u2019Espai 7 del Casino de Manresa. L&#8217;exposici\u00f3 estar\u00e0 oberta del 6 al 22 de mar\u00e7 de 2026 de dimarts a diumenge i de 17.30 a 20.30 h.<\/p>\n<p><a href=\"https:\/\/agora.xtec.cat\/iescalgravat\/wp-content\/uploads\/usu63\/2026\/02\/Diptic-Expo-Espai-7-Refugis-AMiC_page-0001.jpg\"><img loading=\"lazy\" decoding=\"async\" class=\"aligncenter size-medium wp-image-7828\" src=\"https:\/\/agora.xtec.cat\/iescalgravat\/wp-content\/uploads\/usu63\/2026\/02\/Diptic-Expo-Espai-7-Refugis-AMiC_page-0001-143x300.jpg\" alt=\"\" width=\"143\" height=\"300\" srcset=\"https:\/\/agora.xtec.cat\/iescalgravat\/wp-content\/uploads\/usu63\/2026\/02\/Diptic-Expo-Espai-7-Refugis-AMiC_page-0001-143x300.jpg 143w, https:\/\/agora.xtec.cat\/iescalgravat\/wp-content\/uploads\/usu63\/2026\/02\/Diptic-Expo-Espai-7-Refugis-AMiC_page-0001-487x1024.jpg 487w, https:\/\/agora.xtec.cat\/iescalgravat\/wp-content\/uploads\/usu63\/2026\/02\/Diptic-Expo-Espai-7-Refugis-AMiC_page-0001.jpg 590w\" sizes=\"auto, (max-width: 143px) 100vw, 143px\" \/><\/a><\/p>\n","protected":false},"excerpt":{"rendered":"<p>La inauguraci\u00f3 de l\u2019exposici\u00f3 Art AMiC\u00a0\u2013\u00a0Refugis\u00a0tindr\u00e0 lloc el\u00a06 de mar\u00e7 a les 18 h\u00a0a l\u2019Espai 7 del Casino de Manresa. L&#8217;exposici\u00f3 estar\u00e0 oberta del 6 al 22 de mar\u00e7 de 2026 de dimarts a diumenge i de 17.30 a 20.30 h.<br \/>\n<a href=\"https:\/\/agora.xtec.cat\/iescalgravat\/wp-content\/uploads\/usu63\/2026\/02\/Diptic-Expo-Espai-7-Refugis-AMiC_page-0001.jpg\"><\/a><\/p>\n","protected":false},"author":1,"featured_media":0,"comment_status":"open","ping_status":"open","sticky":false,"template":"","format":"standard","meta":{"_bbp_topic_count":0,"_bbp_reply_count":0,"_bbp_total_topic_count":0,"_bbp_total_reply_count":0,"_bbp_voice_count":0,"_bbp_anonymous_reply_count":0,"_bbp_topic_count_hidden":0,"_bbp_reply_count_hidden":0,"_bbp_forum_subforum_count":0,"footnotes":""},"categories":[1,29],"tags":[],"class_list":["post-7826","post","type-post","status-publish","format-standard","hentry","category-general","category-portada"],"post_mailing_queue_ids":[],"_links":{"self":[{"href":"https:\/\/agora.xtec.cat\/iescalgravat\/wp-json\/wp\/v2\/posts\/7826","targetHints":{"allow":["GET"]}}],"collection":[{"href":"https:\/\/agora.xtec.cat\/iescalgravat\/wp-json\/wp\/v2\/posts"}],"about":[{"href":"https:\/\/agora.xtec.cat\/iescalgravat\/wp-json\/wp\/v2\/types\/post"}],"author":[{"embeddable":true,"href":"https:\/\/agora.xtec.cat\/iescalgravat\/wp-json\/wp\/v2\/users\/1"}],"replies":[{"embeddable":true,"href":"https:\/\/agora.xtec.cat\/iescalgravat\/wp-json\/wp\/v2\/comments?post=7826"}],"version-history":[{"count":1,"href":"https:\/\/agora.xtec.cat\/iescalgravat\/wp-json\/wp\/v2\/posts\/7826\/revisions"}],"predecessor-version":[{"id":7829,"href":"https:\/\/agora.xtec.cat\/iescalgravat\/wp-json\/wp\/v2\/posts\/7826\/revisions\/7829"}],"wp:attachment":[{"href":"https:\/\/agora.xtec.cat\/iescalgravat\/wp-json\/wp\/v2\/media?parent=7826"}],"wp:term":[{"taxonomy":"category","embeddable":true,"href":"https:\/\/agora.xtec.cat\/iescalgravat\/wp-json\/wp\/v2\/categories?post=7826"},{"taxonomy":"post_tag","embeddable":true,"href":"https:\/\/agora.xtec.cat\/iescalgravat\/wp-json\/wp\/v2\/tags?post=7826"}],"curies":[{"name":"wp","href":"https:\/\/api.w.org\/{rel}","templated":true}]}}