{"id":7808,"date":"2026-02-25T12:13:41","date_gmt":"2026-02-25T11:13:41","guid":{"rendered":"https:\/\/agora.xtec.cat\/iescalgravat\/?p=7808"},"modified":"2026-02-25T12:17:11","modified_gmt":"2026-02-25T11:17:11","slug":"fi-del-1r-torn-de-laai","status":"publish","type":"post","link":"https:\/\/agora.xtec.cat\/iescalgravat\/general\/fi-del-1r-torn-de-laai\/","title":{"rendered":"Fi del 1r torn de l&#8217;AAI"},"content":{"rendered":"<p style=\"text-align: justify;\"><span data-sheets-root=\"1\">El passat divendres dia 13 de febrer els 17 alumnes que assistien a l&#8217;Aula d&#8217;Acollida Intensiva del primer torn van finalitzar el recurs i, des del dilluns dia 16, ja tornen a seure a les aules dels seus instituts d&#8217;origen, tots de Manresa.<\/span><\/p>\n<p>Recordem que l&#8217;Aula d&#8217;Acollida Intensiva de Cal Gravat, la primera que es va posar en marxa a la capital del Bages, t\u00e9 com a objectiu principal ensenyar la llengua catalana i acollir, emocionalment, l\u2019alumnat nouvingut acabat d&#8217;aterrar a Catalunya.<\/p>\n<p>Durant les darreres setze setmanes, els joves d&#8217;entre 14 i 17 anys, procedents del Marroc, Senegal, Ghana, G\u00e0mbia, Col\u00f2mbia, Hondures, Palestina i Alg\u00e8ria han apr\u00e8s i conviscut, creant un fort vincle entre ells i tamb\u00e9 amb les professores. Les classes de catal\u00e0, hist\u00f2ria, hort o educaci\u00f3 f\u00edsica, entre d&#8217;altres, han perm\u00e8s que els estudiants hagin millorat substancialment el seu nivell de catal\u00e0, tant oral com escrit, i que a hores d&#8217;ara estiguin una mica m\u00e9s preparats per fer front a un tercer o quart d&#8217;ESO.<\/p>\n<p>Les classes i les sortides setmanals del divendres tamb\u00e9 han ajudat els joves a con\u00e8ixer el seu entorn, els serveis dels quals disposen a la ciutat i teixir vincles amb diverses entitats, com ara l&#8217;Escola Agr\u00e0ria de Manresa.<\/p>\n<p>Des d&#8217;aqu\u00ed aprofitem per desitjar-los molta sort!<\/p>\n<p>&nbsp;<\/p>\n\r\n\t<div class=\"slideshow_container slideshow_container_style-light\" style=\"height: 450px; \" data-slideshow-id=\"7802\" data-style-name=\"style-light\" data-style-version=\"2.3.1\" >\r\n\r\n\t\t\t\t\t<div class=\"slideshow_loading_icon\"><\/div>\r\n\t\t\r\n\t\t<div class=\"slideshow_content\" style=\"display: none;\">\r\n\r\n\t\t\t<div class=\"slideshow_view\">\r\n\t\t\t\t<div class=\"slideshow_slide slideshow_slide_image\">\r\n\t\t\t\t\t\t\t\t\t\t\t<img src=\"https:\/\/agora.xtec.cat\/iescalgravat\/wp-content\/uploads\/usu63\/2026\/02\/fi_1rtorn_AAI1-e1772018316145.jpeg\" alt=\"fi_1rtorn_AAI1\" width=\"1024\" height=\"626\" \/>\r\n\t\t\t\t\t\t\t\t\t\t<div class=\"slideshow_description_box slideshow_transparent\">\r\n\t\t\t\t\t\t<div class=\"slideshow_title\">fi_1rtorn_AAI1<\/div>\t\t\t\t\t\t\t\t\t\t\t<\/div>\r\n\t\t\t\t<\/div>\r\n\r\n\t\t\t\t\t\t<div style=\"clear: both;\"><\/div><\/div><div class=\"slideshow_view\">\r\n\t\t\t\t<div class=\"slideshow_slide slideshow_slide_image\">\r\n\t\t\t\t\t\t\t\t\t\t\t<img src=\"https:\/\/agora.xtec.cat\/iescalgravat\/wp-content\/uploads\/usu63\/2026\/02\/fi_1rtorn_AAI3.jpeg\" alt=\"fi_1rtorn_AAI3\" width=\"1024\" height=\"642\" \/>\r\n\t\t\t\t\t\t\t\t\t\t<div class=\"slideshow_description_box slideshow_transparent\">\r\n\t\t\t\t\t\t<div class=\"slideshow_title\">fi_1rtorn_AAI3<\/div>\t\t\t\t\t\t\t\t\t\t\t<\/div>\r\n\t\t\t\t<\/div>\r\n\r\n\t\t\t\t\t\t<div style=\"clear: both;\"><\/div><\/div><div class=\"slideshow_view\">\r\n\t\t\t\t<div class=\"slideshow_slide slideshow_slide_image\">\r\n\t\t\t\t\t\t\t\t\t\t\t<img src=\"https:\/\/agora.xtec.cat\/iescalgravat\/wp-content\/uploads\/usu63\/2026\/02\/fi_1rtorn_AAI2.jpeg\" alt=\"fi_1rtorn_AAI2\" width=\"1024\" height=\"768\" \/>\r\n\t\t\t\t\t\t\t\t\t\t<div class=\"slideshow_description_box slideshow_transparent\">\r\n\t\t\t\t\t\t<div class=\"slideshow_title\">fi_1rtorn_AAI2<\/div>\t\t\t\t\t\t\t\t\t\t\t<\/div>\r\n\t\t\t\t<\/div>\r\n\r\n\t\t\t\t\t\t<div style=\"clear: both;\"><\/div><\/div><div class=\"slideshow_view\">\r\n\t\t\t\t<div class=\"slideshow_slide slideshow_slide_image\">\r\n\t\t\t\t\t\t\t\t\t\t\t<img src=\"https:\/\/agora.xtec.cat\/iescalgravat\/wp-content\/uploads\/usu63\/2026\/02\/fi_1rtorn_AAI4.jpeg\" alt=\"fi_1rtorn_AAI4\" width=\"1024\" height=\"771\" \/>\r\n\t\t\t\t\t\t\t\t\t\t<div class=\"slideshow_description_box slideshow_transparent\">\r\n\t\t\t\t\t\t<div class=\"slideshow_title\">fi_1rtorn_AAI4<\/div>\t\t\t\t\t\t\t\t\t\t\t<\/div>\r\n\t\t\t\t<\/div>\r\n\r\n\t\t\t\t\t\t<div style=\"clear: both;\"><\/div><\/div><div class=\"slideshow_view\">\r\n\t\t\t\t<div class=\"slideshow_slide slideshow_slide_image\">\r\n\t\t\t\t\t\t\t\t\t\t\t<img src=\"https:\/\/agora.xtec.cat\/iescalgravat\/wp-content\/uploads\/usu63\/2026\/02\/fi_1rtorn_AAI5.jpeg\" alt=\"fi_1rtorn_AAI5\" width=\"1024\" height=\"458\" \/>\r\n\t\t\t\t\t\t\t\t\t\t<div class=\"slideshow_description_box slideshow_transparent\">\r\n\t\t\t\t\t\t<div class=\"slideshow_title\">fi_1rtorn_AAI5<\/div>\t\t\t\t\t\t\t\t\t\t\t<\/div>\r\n\t\t\t\t<\/div>\r\n\r\n\t\t\t\t\t\t<div style=\"clear: both;\"><\/div><\/div>\r\n\t\t<\/div>\r\n\r\n\t\t<div class=\"slideshow_controlPanel slideshow_transparent\" style=\"display: none;\"><ul><li class=\"slideshow_togglePlay\" data-play-text=\"Visualitza\" data-pause-text=\"Pausa\"><\/li><\/ul><\/div>\r\n\r\n\t\t<div class=\"slideshow_button slideshow_previous slideshow_transparent\" role=\"button\" data-previous-text=\"Anterior\" style=\"display: none;\"><\/div>\r\n\t\t<div class=\"slideshow_button slideshow_next slideshow_transparent\" role=\"button\" data-next-text=\"Seg\u00fcent\" style=\"display: none;\"><\/div>\r\n\r\n\t\t<div class=\"slideshow_pagination\" style=\"display: none;\" data-go-to-text=\"V\u00e9s a la diapositiva\"><div class=\"slideshow_pagination_center\"><\/div><\/div>\r\n\r\n\t\t<!-- WordPress Slideshow Version 2.3.1 -->\r\n\r\n\t\t\t<\/div>\r\n\r\n\n","protected":false},"excerpt":{"rendered":"<p>El passat divendres dia 13 de febrer els 17 alumnes que assistien a l&#8217;Aula d&#8217;Acollida Intensiva del primer torn van finalitzar el recurs i, des del dilluns dia 16, ja tornen a seure a les aules dels seus instituts d&#8217;origen, tots de Manresa.<br \/>\nRecordem que l&#8217;Aula&hellip;  <a href=\"https:\/\/agora.xtec.cat\/iescalgravat\/general\/fi-del-1r-torn-de-laai\/\" title=\"Read Fi del 1r torn de l&#8217;AAI\">Llegeix m\u00e9s\u00bb<\/a><\/p>\n","protected":false},"author":1,"featured_media":7807,"comment_status":"open","ping_status":"open","sticky":false,"template":"","format":"standard","meta":{"_bbp_topic_count":0,"_bbp_reply_count":0,"_bbp_total_topic_count":0,"_bbp_total_reply_count":0,"_bbp_voice_count":0,"_bbp_anonymous_reply_count":0,"_bbp_topic_count_hidden":0,"_bbp_reply_count_hidden":0,"_bbp_forum_subforum_count":0,"footnotes":""},"categories":[1,29],"tags":[],"class_list":["post-7808","post","type-post","status-publish","format-standard","has-post-thumbnail","hentry","category-general","category-portada"],"post_mailing_queue_ids":[],"_links":{"self":[{"href":"https:\/\/agora.xtec.cat\/iescalgravat\/wp-json\/wp\/v2\/posts\/7808","targetHints":{"allow":["GET"]}}],"collection":[{"href":"https:\/\/agora.xtec.cat\/iescalgravat\/wp-json\/wp\/v2\/posts"}],"about":[{"href":"https:\/\/agora.xtec.cat\/iescalgravat\/wp-json\/wp\/v2\/types\/post"}],"author":[{"embeddable":true,"href":"https:\/\/agora.xtec.cat\/iescalgravat\/wp-json\/wp\/v2\/users\/1"}],"replies":[{"embeddable":true,"href":"https:\/\/agora.xtec.cat\/iescalgravat\/wp-json\/wp\/v2\/comments?post=7808"}],"version-history":[{"count":2,"href":"https:\/\/agora.xtec.cat\/iescalgravat\/wp-json\/wp\/v2\/posts\/7808\/revisions"}],"predecessor-version":[{"id":7810,"href":"https:\/\/agora.xtec.cat\/iescalgravat\/wp-json\/wp\/v2\/posts\/7808\/revisions\/7810"}],"wp:featuredmedia":[{"embeddable":true,"href":"https:\/\/agora.xtec.cat\/iescalgravat\/wp-json\/wp\/v2\/media\/7807"}],"wp:attachment":[{"href":"https:\/\/agora.xtec.cat\/iescalgravat\/wp-json\/wp\/v2\/media?parent=7808"}],"wp:term":[{"taxonomy":"category","embeddable":true,"href":"https:\/\/agora.xtec.cat\/iescalgravat\/wp-json\/wp\/v2\/categories?post=7808"},{"taxonomy":"post_tag","embeddable":true,"href":"https:\/\/agora.xtec.cat\/iescalgravat\/wp-json\/wp\/v2\/tags?post=7808"}],"curies":[{"name":"wp","href":"https:\/\/api.w.org\/{rel}","templated":true}]}}