{"id":7758,"date":"2026-02-25T12:04:56","date_gmt":"2026-02-25T11:04:56","guid":{"rendered":"https:\/\/agora.xtec.cat\/iescalgravat\/?p=7758"},"modified":"2026-02-25T12:06:39","modified_gmt":"2026-02-25T11:06:39","slug":"visita-exalumnes-per-explicar-els-seus-estudis-universitaris","status":"publish","type":"post","link":"https:\/\/agora.xtec.cat\/iescalgravat\/general\/visita-exalumnes-per-explicar-els-seus-estudis-universitaris\/","title":{"rendered":"Visita exalumnes per explicar els seus estudis universitaris"},"content":{"rendered":"<p><span data-sheets-root=\"1\">Com cada any ens han visitat exalumnes per explicar-nos la seva experi\u00e8ncia en els estudis universitaris. Han vingut la Miriam Barris, Emma Miralda, J\u00falia Morales, Abril Gaspar, Valenti Martinez, Pau Sellart, Anna Paula Zamora, Jord\u00e0 Montal\u00e0, Ernest Oliva, Martina Soler, Arnau Deli, Laila Mateo, Lucia Lara i la Bruna Gim\u00e9nez<\/span><\/p>\n<p>&nbsp;<\/p>\n<p><a href=\"https:\/\/agora.xtec.cat\/iescalgravat\/wp-content\/uploads\/usu63\/2026\/02\/20260206-CESAR-RIOLA-DEVANT.jpeg\"><img loading=\"lazy\" decoding=\"async\" class=\"aligncenter wp-image-7798 size-full\" src=\"https:\/\/agora.xtec.cat\/iescalgravat\/wp-content\/uploads\/usu63\/2026\/02\/20260206-CESAR-RIOLA-DEVANT.jpeg\" alt=\"\" width=\"1024\" height=\"576\" srcset=\"https:\/\/agora.xtec.cat\/iescalgravat\/wp-content\/uploads\/usu63\/2026\/02\/20260206-CESAR-RIOLA-DEVANT.jpeg 1024w, https:\/\/agora.xtec.cat\/iescalgravat\/wp-content\/uploads\/usu63\/2026\/02\/20260206-CESAR-RIOLA-DEVANT-300x169.jpeg 300w, https:\/\/agora.xtec.cat\/iescalgravat\/wp-content\/uploads\/usu63\/2026\/02\/20260206-CESAR-RIOLA-DEVANT-768x432.jpeg 768w\" sizes=\"auto, (max-width: 1024px) 100vw, 1024px\" \/><\/a> <a href=\"https:\/\/agora.xtec.cat\/iescalgravat\/wp-content\/uploads\/usu63\/2026\/02\/20260206_CESAR-RIOLA-DEVANT.jpg\"><img loading=\"lazy\" decoding=\"async\" class=\"aligncenter wp-image-7799 size-full\" src=\"https:\/\/agora.xtec.cat\/iescalgravat\/wp-content\/uploads\/usu63\/2026\/02\/20260206_CESAR-RIOLA-DEVANT.jpg\" alt=\"\" width=\"1024\" height=\"771\" srcset=\"https:\/\/agora.xtec.cat\/iescalgravat\/wp-content\/uploads\/usu63\/2026\/02\/20260206_CESAR-RIOLA-DEVANT.jpg 1024w, https:\/\/agora.xtec.cat\/iescalgravat\/wp-content\/uploads\/usu63\/2026\/02\/20260206_CESAR-RIOLA-DEVANT-300x226.jpg 300w, https:\/\/agora.xtec.cat\/iescalgravat\/wp-content\/uploads\/usu63\/2026\/02\/20260206_CESAR-RIOLA-DEVANT-768x578.jpg 768w, https:\/\/agora.xtec.cat\/iescalgravat\/wp-content\/uploads\/usu63\/2026\/02\/20260206_CESAR-RIOLA-DEVANT-200x150.jpg 200w\" sizes=\"auto, (max-width: 1024px) 100vw, 1024px\" \/><\/a><\/p>\n","protected":false},"excerpt":{"rendered":"<p>Com cada any ens han visitat exalumnes per explicar-nos la seva experi\u00e8ncia en els estudis universitaris. Han vingut la Miriam Barris, Emma Miralda, J\u00falia Morales, Abril Gaspar, Valenti Martinez, Pau Sellart, Anna Paula Zamora, Jord\u00e0 Montal\u00e0, Ernest Oliva, Martina Soler, Arnau Deli, Laila Mateo, Lucia&hellip;  <a href=\"https:\/\/agora.xtec.cat\/iescalgravat\/general\/visita-exalumnes-per-explicar-els-seus-estudis-universitaris\/\" title=\"Read Visita exalumnes per explicar els seus estudis universitaris\">Llegeix m\u00e9s\u00bb<\/a><\/p>\n","protected":false},"author":1,"featured_media":7798,"comment_status":"open","ping_status":"open","sticky":false,"template":"","format":"standard","meta":{"_bbp_topic_count":0,"_bbp_reply_count":0,"_bbp_total_topic_count":0,"_bbp_total_reply_count":0,"_bbp_voice_count":0,"_bbp_anonymous_reply_count":0,"_bbp_topic_count_hidden":0,"_bbp_reply_count_hidden":0,"_bbp_forum_subforum_count":0,"footnotes":""},"categories":[1,29],"tags":[],"class_list":["post-7758","post","type-post","status-publish","format-standard","has-post-thumbnail","hentry","category-general","category-portada"],"post_mailing_queue_ids":[],"_links":{"self":[{"href":"https:\/\/agora.xtec.cat\/iescalgravat\/wp-json\/wp\/v2\/posts\/7758","targetHints":{"allow":["GET"]}}],"collection":[{"href":"https:\/\/agora.xtec.cat\/iescalgravat\/wp-json\/wp\/v2\/posts"}],"about":[{"href":"https:\/\/agora.xtec.cat\/iescalgravat\/wp-json\/wp\/v2\/types\/post"}],"author":[{"embeddable":true,"href":"https:\/\/agora.xtec.cat\/iescalgravat\/wp-json\/wp\/v2\/users\/1"}],"replies":[{"embeddable":true,"href":"https:\/\/agora.xtec.cat\/iescalgravat\/wp-json\/wp\/v2\/comments?post=7758"}],"version-history":[{"count":2,"href":"https:\/\/agora.xtec.cat\/iescalgravat\/wp-json\/wp\/v2\/posts\/7758\/revisions"}],"predecessor-version":[{"id":7801,"href":"https:\/\/agora.xtec.cat\/iescalgravat\/wp-json\/wp\/v2\/posts\/7758\/revisions\/7801"}],"wp:featuredmedia":[{"embeddable":true,"href":"https:\/\/agora.xtec.cat\/iescalgravat\/wp-json\/wp\/v2\/media\/7798"}],"wp:attachment":[{"href":"https:\/\/agora.xtec.cat\/iescalgravat\/wp-json\/wp\/v2\/media?parent=7758"}],"wp:term":[{"taxonomy":"category","embeddable":true,"href":"https:\/\/agora.xtec.cat\/iescalgravat\/wp-json\/wp\/v2\/categories?post=7758"},{"taxonomy":"post_tag","embeddable":true,"href":"https:\/\/agora.xtec.cat\/iescalgravat\/wp-json\/wp\/v2\/tags?post=7758"}],"curies":[{"name":"wp","href":"https:\/\/api.w.org\/{rel}","templated":true}]}}