{"id":774,"date":"2017-04-21T17:20:31","date_gmt":"2017-04-21T15:20:31","guid":{"rendered":"http:\/\/agora.xtec.cat\/iescalgravat\/?p=774"},"modified":"2017-09-18T10:46:23","modified_gmt":"2017-09-18T08:46:23","slug":"beques-de-lajuntament-de-manresa-pel-curs-20172018","status":"publish","type":"post","link":"https:\/\/agora.xtec.cat\/iescalgravat\/general\/beques-de-lajuntament-de-manresa-pel-curs-20172018\/","title":{"rendered":"BEQUES DE L\u2019AJUNTAMENT DE MANRESA PEL CURS 2017\/2018"},"content":{"rendered":"<p><strong>Sol\u00b7licitud d\u2019ajuts per a material escolar i\/o activitats de suport a la normalitzaci\u00f3 educativa<\/strong><\/p>\n<p><strong>Requisits:<\/strong><\/p>\n<ol>\n<li>Estar empadronat a Manresa.<\/li>\n<li>Estar matriculat en un centre de Manresa el curs 2017\/2018.<\/li>\n<li>No superar la renda anual fixada en el Tram C:<\/li>\n<\/ol>\n<table style=\"width: 65.4728%;\">\n<tbody>\n<tr style=\"height: 50px;\">\n<td style=\"width: 10%; height: 50px;\"><\/td>\n<td style=\"width: 10%; height: 50px;\"><strong>2 persones<\/strong><\/td>\n<td style=\"width: 10%; height: 50px;\"><strong>3 persones<\/strong><\/td>\n<td style=\"width: 10%; height: 50px;\"><strong>4 persones<\/strong><\/td>\n<td style=\"width: 10%; height: 50px;\"><strong>5 persones<\/strong><\/td>\n<td style=\"width: 10%; height: 50px;\"><strong>6 persones<\/strong><\/td>\n<td style=\"width: 10%; height: 50px;\"><strong>7 o + persones<\/strong><\/td>\n<\/tr>\n<tr style=\"height: 34px;\">\n<td style=\"width: 10%; height: 34px;\"><strong>Tram B<\/strong><\/td>\n<td style=\"width: 10%; height: 34px;\"><strong>1<\/strong>2.880,14\u20ac<\/td>\n<td style=\"width: 10%; height: 34px;\">15.852,48\u20ac<\/td>\n<td style=\"width: 10%; height: 34px;\">18.824,82\u20ac<\/td>\n<td style=\"width: 10%; height: 34px;\">21.797,16\u20ac<\/td>\n<td style=\"width: 10%; height: 34px;\">24.769,50\u20ac<\/td>\n<td style=\"width: 10%; height: 34px;\">27.741,84\u20ac<\/td>\n<\/tr>\n<tr style=\"height: 34px;\">\n<td style=\"width: 10%; height: 34px;\"><strong>Tram C<\/strong><\/td>\n<td style=\"width: 10%; height: 34px;\">14.168,15\u20ac<\/td>\n<td style=\"width: 10%; height: 34px;\">17.437,72\u20ac<\/td>\n<td style=\"width: 10%; height: 34px;\">20.707,29\u20ac<\/td>\n<td style=\"width: 10%; height: 34px;\">23.976,86\u20ac<\/td>\n<td style=\"width: 10%; height: 34px;\">27.246,43\u20ac<\/td>\n<td style=\"width: 10%; height: 34px;\">30.516,00\u20ac<\/td>\n<\/tr>\n<\/tbody>\n<\/table>\n<p>&nbsp;<\/p>\n<p><strong>Documentaci\u00f3 que s\u2019ha de presentar amb la sol\u00b7licitud:<\/strong><\/p>\n<ol>\n<li>Fotoc\u00f2pia del DNI\/NIE o passaport de tots els membres de la unitat familiar.<\/li>\n<li>Fotoc\u00f2pia del llibre de fam\u00edlia on apareguin tots els membres de la unitat familiar o b\u00e9 certificat de naixement (per aquelles persones que no disposen de llibre de fam\u00edlia)<\/li>\n<\/ol>\n<p><strong>IMPORTANT<\/strong>: S\u2019ha d\u2019entregar aquesta documentaci\u00f3 a l\u2019Institut Cal Gravat <strong><u>abans del 18 de maig de 2017 <\/u><u>en horari d\u2019oficines de 9 a 14h.<\/u><\/strong><\/p>\n","protected":false},"excerpt":{"rendered":"<p>Sol\u00b7licitud d\u2019ajuts per a material escolar i\/o activitats de suport a la normalitzaci\u00f3 educativa<br \/>\nRequisits:<\/p>\n<ol>\n<li>Estar empadronat a Manresa.<\/li>\n<li>Estar matriculat en un centre de Manresa el curs 2017\/2018.<\/li>\n<li>No superar la renda anual fixada en el Tram C:<\/li>\n<\/ol>\n<p>2 persones<br \/>\n3 persones<br \/>\n4 persones<br \/>\n5 persones<br \/>\n6 persones<br \/>\n7 o + persones<\/p>\n<p>Tram B<br \/>\n12.880,14\u20ac<br \/>\n15.852,48\u20ac<br \/>\n18.824,82\u20ac<br \/>\n21.797,16\u20ac<br \/>\n24.769,50\u20ac<br \/>\n27.741,84\u20ac<\/p>\n<p>Tram C<br \/>\n14.168,15\u20ac<br \/>\n17.437,72\u20ac<br \/>\n20.707,29\u20ac<br \/>\n23.976,86\u20ac<br \/>\n27.246,43\u20ac<br \/>\n30.516,00\u20ac<\/p>\n<p>&nbsp;<br \/>\nDocumentaci\u00f3&hellip;  <a href=\"https:\/\/agora.xtec.cat\/iescalgravat\/general\/beques-de-lajuntament-de-manresa-pel-curs-20172018\/\" title=\"Read BEQUES DE L\u2019AJUNTAMENT DE MANRESA PEL CURS 2017\/2018\">Llegeix m\u00e9s\u00bb<\/a><\/p>\n","protected":false},"author":1,"featured_media":0,"comment_status":"open","ping_status":"open","sticky":false,"template":"","format":"standard","meta":{"_bbp_topic_count":0,"_bbp_reply_count":0,"_bbp_total_topic_count":0,"_bbp_total_reply_count":0,"_bbp_voice_count":0,"_bbp_anonymous_reply_count":0,"_bbp_topic_count_hidden":0,"_bbp_reply_count_hidden":0,"_bbp_forum_subforum_count":0,"footnotes":""},"categories":[1],"tags":[],"class_list":["post-774","post","type-post","status-publish","format-standard","hentry","category-general"],"post_mailing_queue_ids":[],"_links":{"self":[{"href":"https:\/\/agora.xtec.cat\/iescalgravat\/wp-json\/wp\/v2\/posts\/774","targetHints":{"allow":["GET"]}}],"collection":[{"href":"https:\/\/agora.xtec.cat\/iescalgravat\/wp-json\/wp\/v2\/posts"}],"about":[{"href":"https:\/\/agora.xtec.cat\/iescalgravat\/wp-json\/wp\/v2\/types\/post"}],"author":[{"embeddable":true,"href":"https:\/\/agora.xtec.cat\/iescalgravat\/wp-json\/wp\/v2\/users\/1"}],"replies":[{"embeddable":true,"href":"https:\/\/agora.xtec.cat\/iescalgravat\/wp-json\/wp\/v2\/comments?post=774"}],"version-history":[{"count":2,"href":"https:\/\/agora.xtec.cat\/iescalgravat\/wp-json\/wp\/v2\/posts\/774\/revisions"}],"predecessor-version":[{"id":776,"href":"https:\/\/agora.xtec.cat\/iescalgravat\/wp-json\/wp\/v2\/posts\/774\/revisions\/776"}],"wp:attachment":[{"href":"https:\/\/agora.xtec.cat\/iescalgravat\/wp-json\/wp\/v2\/media?parent=774"}],"wp:term":[{"taxonomy":"category","embeddable":true,"href":"https:\/\/agora.xtec.cat\/iescalgravat\/wp-json\/wp\/v2\/categories?post=774"},{"taxonomy":"post_tag","embeddable":true,"href":"https:\/\/agora.xtec.cat\/iescalgravat\/wp-json\/wp\/v2\/tags?post=774"}],"curies":[{"name":"wp","href":"https:\/\/api.w.org\/{rel}","templated":true}]}}