{"id":7645,"date":"2026-01-14T11:52:08","date_gmt":"2026-01-14T10:52:08","guid":{"rendered":"https:\/\/agora.xtec.cat\/iescalgravat\/?p=7645"},"modified":"2026-01-14T11:52:08","modified_gmt":"2026-01-14T10:52:08","slug":"concert-de-nadal","status":"publish","type":"post","link":"https:\/\/agora.xtec.cat\/iescalgravat\/general\/concert-de-nadal\/","title":{"rendered":"Concert de Nadal"},"content":{"rendered":"<p><span data-sheets-root=\"1\">L&#8217;\u00faltim dia del trimestre, els alumnes de 1r i 2n d&#8217;ESO de m\u00fasica han interpretat el concert de Nadal de l&#8217;institut, dirigit pel seu professor: Jordi Vilagin\u00e9s. Han cantat acompanyats amb el piano i algunes flautes, els seg\u00fcents temes: &#8220;Somewhere only we know&#8221;, &#8220;Perfect&#8221;, &#8220;Hijo de la Luna&#8221; i &#8220;La nova can\u00e7\u00f3 de Nadal&#8221; d&#8217;Antoni Tolmos. Ha estat un acte bonic de cloenda del trimestre i de bons desitjos nadalencs per a tothom.<\/span><\/p>\n<p>&nbsp;<\/p>\n<div style=\"text-align: center;\"><iframe loading=\"lazy\" src=\"https:\/\/drive.google.com\/file\/d\/1XaiDs10iRNH_2WCGlSggWNIHG0JPav7J\/preview\" width=\"640\" height=\"480\" align=\"center\" allowfullscreen=\"allowfullscreen\"><br \/>\n<\/iframe><\/div>\n<div style=\"text-align: center;\"><iframe loading=\"lazy\" src=\"https:\/\/drive.google.com\/file\/d\/1XMKAsdq2QniOl3My_LVog5EC39tKhtOj\/preview\" width=\"640\" height=\"480\" align=\"center\" allowfullscreen=\"allowfullscreen\"><br \/>\n<\/iframe><\/div>\n","protected":false},"excerpt":{"rendered":"<p>L&#8217;\u00faltim dia del trimestre, els alumnes de 1r i 2n d&#8217;ESO de m\u00fasica han interpretat el concert de Nadal de l&#8217;institut, dirigit pel seu professor: Jordi Vilagin\u00e9s. Han cantat acompanyats amb el piano i algunes flautes, els seg\u00fcents temes: &#8220;Somewhere only we know&#8221;, &#8220;Perfect&#8221;, &#8220;Hijo&hellip;  <a href=\"https:\/\/agora.xtec.cat\/iescalgravat\/general\/concert-de-nadal\/\" title=\"Read Concert de Nadal\">Llegeix m\u00e9s\u00bb<\/a><\/p>\n","protected":false},"author":1,"featured_media":7654,"comment_status":"open","ping_status":"open","sticky":false,"template":"","format":"standard","meta":{"_bbp_topic_count":0,"_bbp_reply_count":0,"_bbp_total_topic_count":0,"_bbp_total_reply_count":0,"_bbp_voice_count":0,"_bbp_anonymous_reply_count":0,"_bbp_topic_count_hidden":0,"_bbp_reply_count_hidden":0,"_bbp_forum_subforum_count":0,"footnotes":""},"categories":[1,29],"tags":[],"class_list":["post-7645","post","type-post","status-publish","format-standard","has-post-thumbnail","hentry","category-general","category-portada"],"post_mailing_queue_ids":[],"_links":{"self":[{"href":"https:\/\/agora.xtec.cat\/iescalgravat\/wp-json\/wp\/v2\/posts\/7645","targetHints":{"allow":["GET"]}}],"collection":[{"href":"https:\/\/agora.xtec.cat\/iescalgravat\/wp-json\/wp\/v2\/posts"}],"about":[{"href":"https:\/\/agora.xtec.cat\/iescalgravat\/wp-json\/wp\/v2\/types\/post"}],"author":[{"embeddable":true,"href":"https:\/\/agora.xtec.cat\/iescalgravat\/wp-json\/wp\/v2\/users\/1"}],"replies":[{"embeddable":true,"href":"https:\/\/agora.xtec.cat\/iescalgravat\/wp-json\/wp\/v2\/comments?post=7645"}],"version-history":[{"count":5,"href":"https:\/\/agora.xtec.cat\/iescalgravat\/wp-json\/wp\/v2\/posts\/7645\/revisions"}],"predecessor-version":[{"id":7732,"href":"https:\/\/agora.xtec.cat\/iescalgravat\/wp-json\/wp\/v2\/posts\/7645\/revisions\/7732"}],"wp:featuredmedia":[{"embeddable":true,"href":"https:\/\/agora.xtec.cat\/iescalgravat\/wp-json\/wp\/v2\/media\/7654"}],"wp:attachment":[{"href":"https:\/\/agora.xtec.cat\/iescalgravat\/wp-json\/wp\/v2\/media?parent=7645"}],"wp:term":[{"taxonomy":"category","embeddable":true,"href":"https:\/\/agora.xtec.cat\/iescalgravat\/wp-json\/wp\/v2\/categories?post=7645"},{"taxonomy":"post_tag","embeddable":true,"href":"https:\/\/agora.xtec.cat\/iescalgravat\/wp-json\/wp\/v2\/tags?post=7645"}],"curies":[{"name":"wp","href":"https:\/\/api.w.org\/{rel}","templated":true}]}}