{"id":7614,"date":"2025-12-19T09:11:33","date_gmt":"2025-12-19T08:11:33","guid":{"rendered":"https:\/\/agora.xtec.cat\/iescalgravat\/?p=7614"},"modified":"2025-12-19T09:11:33","modified_gmt":"2025-12-19T08:11:33","slug":"el-club-de-lectura-de-2n-cicle-ja-esta-en-marxa","status":"publish","type":"post","link":"https:\/\/agora.xtec.cat\/iescalgravat\/general\/el-club-de-lectura-de-2n-cicle-ja-esta-en-marxa\/","title":{"rendered":"EL CLUB DE LECTURA DE 2N CICLE JA EST\u00c0 EN MARXA!"},"content":{"rendered":"<p><span data-sheets-root=\"1\">El dijous 18 de desembre, alumnat de 3r i 4t d\u2019ESO, hem fet el primer club de lectura del curs emmarcat en els Premis Protagonista Jove d\u2019IBBYcat! Hem llegit &#8220;Reis de la muntanya&#8221; de Daniel Hern\u00e1ndez Chambers, una novel\u00b7la dist\u00f2pica que planteja conflictes morals en un m\u00f3n apocal\u00edptic. Durant la sessi\u00f3 hem dut a terme diversos espais de conversa liter\u00e0ria que han afavorit reflexions interessants i connexions entre l&#8217;alumnat. De manera conjunta, ha sorgit la voluntat que la pr\u00f2xima lectura sigui m\u00e9s profunda i complexa, tot i valorar molt positivament l\u2019espai de debat i reflexi\u00f3 compartida.<br \/>\n<\/span><\/p>\n<p>&nbsp;<\/p>\n\r\n\t<div class=\"slideshow_container slideshow_container_style-light\" style=\"height: 700px; \" data-slideshow-id=\"7615\" data-style-name=\"style-light\" data-style-version=\"2.3.1\" >\r\n\r\n\t\t\t\t\t<div class=\"slideshow_loading_icon\"><\/div>\r\n\t\t\r\n\t\t<div class=\"slideshow_content\" style=\"display: none;\">\r\n\r\n\t\t\t<div class=\"slideshow_view\">\r\n\t\t\t\t<div class=\"slideshow_slide slideshow_slide_image\">\r\n\t\t\t\t\t\t\t\t\t\t\t<img src=\"https:\/\/agora.xtec.cat\/iescalgravat\/wp-content\/uploads\/usu63\/2025\/12\/18122025_biblioteca.1-Laura-Freixa-i-Beltran.jpeg\" alt=\"biblioteca 2\" width=\"1024\" height=\"1024\" \/>\r\n\t\t\t\t\t\t\t\t\t\t<div class=\"slideshow_description_box slideshow_transparent\">\r\n\t\t\t\t\t\t<div class=\"slideshow_title\">biblioteca 2<\/div>\t\t\t\t\t\t\t\t\t\t\t<\/div>\r\n\t\t\t\t<\/div>\r\n\r\n\t\t\t\t\t\t<div style=\"clear: both;\"><\/div><\/div><div class=\"slideshow_view\">\r\n\t\t\t\t<div class=\"slideshow_slide slideshow_slide_image\">\r\n\t\t\t\t\t\t\t\t\t\t\t<img src=\"https:\/\/agora.xtec.cat\/iescalgravat\/wp-content\/uploads\/usu63\/2025\/12\/18122025_biblioteca.3-Laura-Freixa-i-Beltran.jpeg\" alt=\"18122025_biblioteca.3 - Laura Freixa i Beltran\" width=\"1024\" height=\"1024\" \/>\r\n\t\t\t\t\t\t\t\t\t\t<div class=\"slideshow_description_box slideshow_transparent\">\r\n\t\t\t\t\t\t<div class=\"slideshow_title\">18122025_biblioteca.3 - Laura Freixa i Beltran<\/div>\t\t\t\t\t\t\t\t\t\t\t<\/div>\r\n\t\t\t\t<\/div>\r\n\r\n\t\t\t\t\t\t<div style=\"clear: both;\"><\/div><\/div><div class=\"slideshow_view\">\r\n\t\t\t\t<div class=\"slideshow_slide slideshow_slide_image\">\r\n\t\t\t\t\t\t\t\t\t\t\t<img src=\"https:\/\/agora.xtec.cat\/iescalgravat\/wp-content\/uploads\/usu63\/2025\/12\/18122025_biblioteca.2-Laura-Freixa-i-Beltran-scaled.jpeg\" alt=\"biblioteca.2\" width=\"2560\" height=\"2560\" \/>\r\n\t\t\t\t\t\t\t\t\t\t<div class=\"slideshow_description_box slideshow_transparent\">\r\n\t\t\t\t\t\t<div class=\"slideshow_title\">biblioteca.2<\/div>\t\t\t\t\t\t\t\t\t\t\t<\/div>\r\n\t\t\t\t<\/div>\r\n\r\n\t\t\t\t\t\t<div style=\"clear: both;\"><\/div><\/div>\r\n\t\t<\/div>\r\n\r\n\t\t<div class=\"slideshow_controlPanel slideshow_transparent\" style=\"display: none;\"><ul><li class=\"slideshow_togglePlay\" data-play-text=\"Visualitza\" data-pause-text=\"Pausa\"><\/li><\/ul><\/div>\r\n\r\n\t\t<div class=\"slideshow_button slideshow_previous slideshow_transparent\" role=\"button\" data-previous-text=\"Anterior\" style=\"display: none;\"><\/div>\r\n\t\t<div class=\"slideshow_button slideshow_next slideshow_transparent\" role=\"button\" data-next-text=\"Seg\u00fcent\" style=\"display: none;\"><\/div>\r\n\r\n\t\t<div class=\"slideshow_pagination\" style=\"display: none;\" data-go-to-text=\"V\u00e9s a la diapositiva\"><div class=\"slideshow_pagination_center\"><\/div><\/div>\r\n\r\n\t\t<!-- WordPress Slideshow Version 2.3.1 -->\r\n\r\n\t\t\t<\/div>\r\n\r\n\n","protected":false},"excerpt":{"rendered":"<p>El dijous 18 de desembre, alumnat de 3r i 4t d\u2019ESO, hem fet el primer club de lectura del curs emmarcat en els Premis Protagonista Jove d\u2019IBBYcat! Hem llegit &#8220;Reis de la muntanya&#8221; de Daniel Hern\u00e1ndez Chambers, una novel\u00b7la dist\u00f2pica que planteja conflictes morals en&hellip;  <a href=\"https:\/\/agora.xtec.cat\/iescalgravat\/general\/el-club-de-lectura-de-2n-cicle-ja-esta-en-marxa\/\" title=\"Read EL CLUB DE LECTURA DE 2N CICLE JA EST\u00c0 EN MARXA!\">Llegeix m\u00e9s\u00bb<\/a><\/p>\n","protected":false},"author":1,"featured_media":7618,"comment_status":"open","ping_status":"open","sticky":false,"template":"","format":"standard","meta":{"_bbp_topic_count":0,"_bbp_reply_count":0,"_bbp_total_topic_count":0,"_bbp_total_reply_count":0,"_bbp_voice_count":0,"_bbp_anonymous_reply_count":0,"_bbp_topic_count_hidden":0,"_bbp_reply_count_hidden":0,"_bbp_forum_subforum_count":0,"footnotes":""},"categories":[1,29],"tags":[],"class_list":["post-7614","post","type-post","status-publish","format-standard","has-post-thumbnail","hentry","category-general","category-portada"],"post_mailing_queue_ids":[],"_links":{"self":[{"href":"https:\/\/agora.xtec.cat\/iescalgravat\/wp-json\/wp\/v2\/posts\/7614","targetHints":{"allow":["GET"]}}],"collection":[{"href":"https:\/\/agora.xtec.cat\/iescalgravat\/wp-json\/wp\/v2\/posts"}],"about":[{"href":"https:\/\/agora.xtec.cat\/iescalgravat\/wp-json\/wp\/v2\/types\/post"}],"author":[{"embeddable":true,"href":"https:\/\/agora.xtec.cat\/iescalgravat\/wp-json\/wp\/v2\/users\/1"}],"replies":[{"embeddable":true,"href":"https:\/\/agora.xtec.cat\/iescalgravat\/wp-json\/wp\/v2\/comments?post=7614"}],"version-history":[{"count":1,"href":"https:\/\/agora.xtec.cat\/iescalgravat\/wp-json\/wp\/v2\/posts\/7614\/revisions"}],"predecessor-version":[{"id":7620,"href":"https:\/\/agora.xtec.cat\/iescalgravat\/wp-json\/wp\/v2\/posts\/7614\/revisions\/7620"}],"wp:featuredmedia":[{"embeddable":true,"href":"https:\/\/agora.xtec.cat\/iescalgravat\/wp-json\/wp\/v2\/media\/7618"}],"wp:attachment":[{"href":"https:\/\/agora.xtec.cat\/iescalgravat\/wp-json\/wp\/v2\/media?parent=7614"}],"wp:term":[{"taxonomy":"category","embeddable":true,"href":"https:\/\/agora.xtec.cat\/iescalgravat\/wp-json\/wp\/v2\/categories?post=7614"},{"taxonomy":"post_tag","embeddable":true,"href":"https:\/\/agora.xtec.cat\/iescalgravat\/wp-json\/wp\/v2\/tags?post=7614"}],"curies":[{"name":"wp","href":"https:\/\/api.w.org\/{rel}","templated":true}]}}