{"id":7495,"date":"2025-12-03T11:54:22","date_gmt":"2025-12-03T10:54:22","guid":{"rendered":"https:\/\/agora.xtec.cat\/iescalgravat\/?p=7495"},"modified":"2025-12-03T12:03:24","modified_gmt":"2025-12-03T11:03:24","slug":"en-pau-sellart-rep-la-distincio-pau-2025","status":"publish","type":"post","link":"https:\/\/agora.xtec.cat\/iescalgravat\/general\/en-pau-sellart-rep-la-distincio-pau-2025\/","title":{"rendered":"En Pau Sellart rep la distinci\u00f3 PAU 2025"},"content":{"rendered":"<p style=\"text-align: justify;\">L&#8217;alumne Pau Sellart ha rebut a trav\u00e9s del Consell Interuniversitari de Catalunya (CIC) la dstinci\u00f3 PAU per recon\u00e8ixer p\u00fablicament l\u2019alumnat de Catalunya que ha obtingut una nota igual o superior a 9 en la convocat\u00f2ria ordin\u00e0ria de la fase general de les PAU.<br \/>\nEnhorabona i molta sort Pau.<\/p>\n<p><a href=\"https:\/\/agora.xtec.cat\/iescalgravat\/wp-content\/uploads\/usu63\/2025\/12\/20251129_Distincio_Pau_Sellart.jpg\"><img loading=\"lazy\" decoding=\"async\" class=\"aligncenter wp-image-7497\" src=\"https:\/\/agora.xtec.cat\/iescalgravat\/wp-content\/uploads\/usu63\/2025\/12\/20251129_Distincio_Pau_Sellart-150x150.jpg\" alt=\"\" width=\"300\" height=\"400\" srcset=\"https:\/\/agora.xtec.cat\/iescalgravat\/wp-content\/uploads\/usu63\/2025\/12\/20251129_Distincio_Pau_Sellart-225x300.jpg 225w, https:\/\/agora.xtec.cat\/iescalgravat\/wp-content\/uploads\/usu63\/2025\/12\/20251129_Distincio_Pau_Sellart-768x1024.jpg 768w, https:\/\/agora.xtec.cat\/iescalgravat\/wp-content\/uploads\/usu63\/2025\/12\/20251129_Distincio_Pau_Sellart-1152x1536.jpg 1152w, https:\/\/agora.xtec.cat\/iescalgravat\/wp-content\/uploads\/usu63\/2025\/12\/20251129_Distincio_Pau_Sellart.jpg 1536w\" sizes=\"auto, (max-width: 300px) 100vw, 300px\" \/><\/a><\/p>\n","protected":false},"excerpt":{"rendered":"<p>L&#8217;alumne Pau Sellart ha rebut a trav\u00e9s del Consell Interuniversitari de Catalunya (CIC) la dstinci\u00f3 PAU per recon\u00e8ixer p\u00fablicament l\u2019alumnat de Catalunya que ha obtingut una nota igual o superior a 9 en la convocat\u00f2ria ordin\u00e0ria de la fase general de les PAU.<br \/>\nEnhorabona i molta&hellip;  <a href=\"https:\/\/agora.xtec.cat\/iescalgravat\/general\/en-pau-sellart-rep-la-distincio-pau-2025\/\" title=\"Read En Pau Sellart rep la distinci\u00f3 PAU 2025\">Llegeix m\u00e9s\u00bb<\/a><\/p>\n","protected":false},"author":1,"featured_media":7497,"comment_status":"open","ping_status":"open","sticky":false,"template":"","format":"standard","meta":{"_bbp_topic_count":0,"_bbp_reply_count":0,"_bbp_total_topic_count":0,"_bbp_total_reply_count":0,"_bbp_voice_count":0,"_bbp_anonymous_reply_count":0,"_bbp_topic_count_hidden":0,"_bbp_reply_count_hidden":0,"_bbp_forum_subforum_count":0,"footnotes":""},"categories":[1,29],"tags":[],"class_list":["post-7495","post","type-post","status-publish","format-standard","has-post-thumbnail","hentry","category-general","category-portada"],"post_mailing_queue_ids":[],"_links":{"self":[{"href":"https:\/\/agora.xtec.cat\/iescalgravat\/wp-json\/wp\/v2\/posts\/7495","targetHints":{"allow":["GET"]}}],"collection":[{"href":"https:\/\/agora.xtec.cat\/iescalgravat\/wp-json\/wp\/v2\/posts"}],"about":[{"href":"https:\/\/agora.xtec.cat\/iescalgravat\/wp-json\/wp\/v2\/types\/post"}],"author":[{"embeddable":true,"href":"https:\/\/agora.xtec.cat\/iescalgravat\/wp-json\/wp\/v2\/users\/1"}],"replies":[{"embeddable":true,"href":"https:\/\/agora.xtec.cat\/iescalgravat\/wp-json\/wp\/v2\/comments?post=7495"}],"version-history":[{"count":6,"href":"https:\/\/agora.xtec.cat\/iescalgravat\/wp-json\/wp\/v2\/posts\/7495\/revisions"}],"predecessor-version":[{"id":7514,"href":"https:\/\/agora.xtec.cat\/iescalgravat\/wp-json\/wp\/v2\/posts\/7495\/revisions\/7514"}],"wp:featuredmedia":[{"embeddable":true,"href":"https:\/\/agora.xtec.cat\/iescalgravat\/wp-json\/wp\/v2\/media\/7497"}],"wp:attachment":[{"href":"https:\/\/agora.xtec.cat\/iescalgravat\/wp-json\/wp\/v2\/media?parent=7495"}],"wp:term":[{"taxonomy":"category","embeddable":true,"href":"https:\/\/agora.xtec.cat\/iescalgravat\/wp-json\/wp\/v2\/categories?post=7495"},{"taxonomy":"post_tag","embeddable":true,"href":"https:\/\/agora.xtec.cat\/iescalgravat\/wp-json\/wp\/v2\/tags?post=7495"}],"curies":[{"name":"wp","href":"https:\/\/api.w.org\/{rel}","templated":true}]}}