{"id":7449,"date":"2025-11-26T12:18:23","date_gmt":"2025-11-26T11:18:23","guid":{"rendered":"https:\/\/agora.xtec.cat\/iescalgravat\/?p=7449"},"modified":"2025-11-26T12:28:10","modified_gmt":"2025-11-26T11:28:10","slug":"cal-gravat-commemora-el-50e-aniversari-de-la-mort-de-franco","status":"publish","type":"post","link":"https:\/\/agora.xtec.cat\/iescalgravat\/general\/cal-gravat-commemora-el-50e-aniversari-de-la-mort-de-franco\/","title":{"rendered":"CAL GRAVAT COMMEMORA EL 50\u00e8 ANIVERSARI DE LA MORT DE FRANCO"},"content":{"rendered":"<p style=\"text-align: justify;\">L&#8217;institut va commemorar amb diferents actes el 50\u00e8 aniversari de la mort del dictador Francisco Franco. Durant tota la setmana amb tots els grups d&#8217;ESO i Batxillerat es va veure, treballar i comentar l&#8217;exposici\u00f3 que hi ha al vest\u00edbul de &#8220;50 raons de perqu\u00e8 amb Franco no es vivia millor&#8221;.<\/p>\n<p>&nbsp;<\/p>\n<p style=\"text-align: justify;\">Un recull de 50 frases t\u00f2piques que s\u00f3n mentida i que es diuen sobre el franquisme. L&#8217;exposici\u00f3 feta pel Memorial Democr\u00e0tic de la Generalitat es base amb fonts hist\u00f2riques i riguroses per a desmentir aquests t\u00f2pics. A m\u00e9s a m\u00e9s alguns professors van comen\u00e7ar el dia 20 de novembre fent un maitines cantant l&#8217;Estaca i el divendres un grup del Cicle Superior d&#8217;Interpretaci\u00f3 del Peguera va passar per les classes de 4rt i Batxillerat fent una petita representaci\u00f3 teatral sobre com era l&#8217;escola durant l&#8217;\u00e8poca franquista.<\/p>\n\r\n\t<div class=\"slideshow_container slideshow_container_style-light\" style=\"height: 450px; \" data-slideshow-id=\"7450\" data-style-name=\"style-light\" data-style-version=\"2.3.1\" >\r\n\r\n\t\t\t\t\t<div class=\"slideshow_loading_icon\"><\/div>\r\n\t\t\r\n\t\t<div class=\"slideshow_content\" style=\"display: none;\">\r\n\r\n\t\t\t<div class=\"slideshow_view\">\r\n\t\t\t\t<div class=\"slideshow_slide slideshow_slide_image\">\r\n\t\t\t\t\t\t\t\t\t\t\t<img src=\"https:\/\/agora.xtec.cat\/iescalgravat\/wp-content\/uploads\/usu63\/2025\/11\/WhatsApp-Image-2025-11-07-at-09.27.37-Roger-Canyadell.jpeg\" alt=\"50_anys_MORT_FRANCO_2\" width=\"1536\" height=\"2048\" \/>\r\n\t\t\t\t\t\t\t\t\t\t<div class=\"slideshow_description_box slideshow_transparent\">\r\n\t\t\t\t\t\t<div class=\"slideshow_title\">50_anys_MORT_FRANCO_2<\/div>\t\t\t\t\t\t\t\t\t\t\t<\/div>\r\n\t\t\t\t<\/div>\r\n\r\n\t\t\t\t\t\t<div style=\"clear: both;\"><\/div><\/div><div class=\"slideshow_view\">\r\n\t\t\t\t<div class=\"slideshow_slide slideshow_slide_image\">\r\n\t\t\t\t\t\t\t\t\t\t\t<img src=\"https:\/\/agora.xtec.cat\/iescalgravat\/wp-content\/uploads\/usu63\/2025\/11\/2025-11-07-at-09.27.43-Roger-Canyadell.jpeg\" alt=\"50_anys_MORT_FRANCO_1\" width=\"1536\" height=\"2048\" \/>\r\n\t\t\t\t\t\t\t\t\t\t<div class=\"slideshow_description_box slideshow_transparent\">\r\n\t\t\t\t\t\t<div class=\"slideshow_title\">50_anys_MORT_FRANCO_1<\/div>\t\t\t\t\t\t\t\t\t\t\t<\/div>\r\n\t\t\t\t<\/div>\r\n\r\n\t\t\t\t\t\t<div style=\"clear: both;\"><\/div><\/div>\r\n\t\t<\/div>\r\n\r\n\t\t<div class=\"slideshow_controlPanel slideshow_transparent\" style=\"display: none;\"><ul><li class=\"slideshow_togglePlay\" data-play-text=\"Visualitza\" data-pause-text=\"Pausa\"><\/li><\/ul><\/div>\r\n\r\n\t\t<div class=\"slideshow_button slideshow_previous slideshow_transparent\" role=\"button\" data-previous-text=\"Anterior\" style=\"display: none;\"><\/div>\r\n\t\t<div class=\"slideshow_button slideshow_next slideshow_transparent\" role=\"button\" data-next-text=\"Seg\u00fcent\" style=\"display: none;\"><\/div>\r\n\r\n\t\t<div class=\"slideshow_pagination\" style=\"display: none;\" data-go-to-text=\"V\u00e9s a la diapositiva\"><div class=\"slideshow_pagination_center\"><\/div><\/div>\r\n\r\n\t\t<!-- WordPress Slideshow Version 2.3.1 -->\r\n\r\n\t\t\t<\/div>\r\n\r\n\n<div style=\"text-align: center;\"><iframe loading=\"lazy\" src=\"https:\/\/drive.google.com\/file\/d\/1milC9yqE40ycL9Kv_1bKR_WyA93-lBTR\/preview\" width=\"640\" height=\"480\" align=\"center\" allowfullscreen=\"allowfullscreen\"><br \/>\n<\/iframe><\/div>\n<p>&nbsp;<br \/>\n&nbsp;<\/p>\n<div style=\"text-align: center;\"><iframe loading=\"lazy\" src=\"https:\/\/drive.google.com\/file\/d\/1-8RMwIBhg35TBfFZl3BQueThENV3W_I-\/preview\" width=\"480\" height=\"720\" align=\"center\" allowfullscreen=\"allowfullscreen\"><br \/>\n<\/iframe><\/div>\n<p><!--more--><\/p>\n","protected":false},"excerpt":{"rendered":"<p>L&#8217;institut va commemorar amb diferents actes el 50\u00e8 aniversari de la mort del dictador Francisco Franco. Durant tota la setmana amb tots els grups d&#8217;ESO i Batxillerat es va veure, treballar i comentar l&#8217;exposici\u00f3 que hi ha al vest\u00edbul de &#8220;50 raons de perqu\u00e8 amb&hellip;  <a href=\"https:\/\/agora.xtec.cat\/iescalgravat\/general\/cal-gravat-commemora-el-50e-aniversari-de-la-mort-de-franco\/\" title=\"Read CAL GRAVAT COMMEMORA EL 50\u00e8 ANIVERSARI DE LA MORT DE FRANCO\">Llegeix m\u00e9s\u00bb<\/a><\/p>\n","protected":false},"author":1,"featured_media":7452,"comment_status":"open","ping_status":"open","sticky":false,"template":"","format":"standard","meta":{"_bbp_topic_count":0,"_bbp_reply_count":0,"_bbp_total_topic_count":0,"_bbp_total_reply_count":0,"_bbp_voice_count":0,"_bbp_anonymous_reply_count":0,"_bbp_topic_count_hidden":0,"_bbp_reply_count_hidden":0,"_bbp_forum_subforum_count":0,"footnotes":""},"categories":[1,29],"tags":[],"class_list":["post-7449","post","type-post","status-publish","format-standard","has-post-thumbnail","hentry","category-general","category-portada"],"post_mailing_queue_ids":[],"_links":{"self":[{"href":"https:\/\/agora.xtec.cat\/iescalgravat\/wp-json\/wp\/v2\/posts\/7449","targetHints":{"allow":["GET"]}}],"collection":[{"href":"https:\/\/agora.xtec.cat\/iescalgravat\/wp-json\/wp\/v2\/posts"}],"about":[{"href":"https:\/\/agora.xtec.cat\/iescalgravat\/wp-json\/wp\/v2\/types\/post"}],"author":[{"embeddable":true,"href":"https:\/\/agora.xtec.cat\/iescalgravat\/wp-json\/wp\/v2\/users\/1"}],"replies":[{"embeddable":true,"href":"https:\/\/agora.xtec.cat\/iescalgravat\/wp-json\/wp\/v2\/comments?post=7449"}],"version-history":[{"count":6,"href":"https:\/\/agora.xtec.cat\/iescalgravat\/wp-json\/wp\/v2\/posts\/7449\/revisions"}],"predecessor-version":[{"id":7462,"href":"https:\/\/agora.xtec.cat\/iescalgravat\/wp-json\/wp\/v2\/posts\/7449\/revisions\/7462"}],"wp:featuredmedia":[{"embeddable":true,"href":"https:\/\/agora.xtec.cat\/iescalgravat\/wp-json\/wp\/v2\/media\/7452"}],"wp:attachment":[{"href":"https:\/\/agora.xtec.cat\/iescalgravat\/wp-json\/wp\/v2\/media?parent=7449"}],"wp:term":[{"taxonomy":"category","embeddable":true,"href":"https:\/\/agora.xtec.cat\/iescalgravat\/wp-json\/wp\/v2\/categories?post=7449"},{"taxonomy":"post_tag","embeddable":true,"href":"https:\/\/agora.xtec.cat\/iescalgravat\/wp-json\/wp\/v2\/tags?post=7449"}],"curies":[{"name":"wp","href":"https:\/\/api.w.org\/{rel}","templated":true}]}}