{"id":7432,"date":"2025-11-19T12:13:56","date_gmt":"2025-11-19T11:13:56","guid":{"rendered":"https:\/\/agora.xtec.cat\/iescalgravat\/?p=7432"},"modified":"2025-11-19T12:14:21","modified_gmt":"2025-11-19T11:14:21","slug":"memoria-historica-font-del-capellans","status":"publish","type":"post","link":"https:\/\/agora.xtec.cat\/iescalgravat\/general\/memoria-historica-font-del-capellans\/","title":{"rendered":"Mem\u00f2ria hist\u00f2rica Font del capellans"},"content":{"rendered":"<p><span data-sheets-root=\"1\">Els alumnes del m\u00f3n contemporani de 1r de Batxillerat hem realitzat entrevstes a la Pepi Garcia i la Neus Blanco ve\u00efnes de la Font dels capellans per participar al projecte 50 veus, 50 mirades: mem\u00f2ria, present i futur de la Font dels Capellans. Una proposta cultural, participativa i comunit\u00e0ria per commemorar els 50 anys del barri de la Font dels Capellans.<\/span><\/p>\n<p><a href=\"https:\/\/agora.xtec.cat\/iescalgravat\/wp-content\/uploads\/usu63\/2025\/11\/IMG-20251118-WA0015-CESAR-RIOLA-DEVANT.jpg\"><img loading=\"lazy\" decoding=\"async\" class=\"aligncenter size-large wp-image-7433\" src=\"https:\/\/agora.xtec.cat\/iescalgravat\/wp-content\/uploads\/usu63\/2025\/11\/IMG-20251118-WA0015-CESAR-RIOLA-DEVANT-1024x768.jpg\" alt=\"\" width=\"1024\" height=\"768\" srcset=\"https:\/\/agora.xtec.cat\/iescalgravat\/wp-content\/uploads\/usu63\/2025\/11\/IMG-20251118-WA0015-CESAR-RIOLA-DEVANT-1024x768.jpg 1024w, https:\/\/agora.xtec.cat\/iescalgravat\/wp-content\/uploads\/usu63\/2025\/11\/IMG-20251118-WA0015-CESAR-RIOLA-DEVANT-300x225.jpg 300w, https:\/\/agora.xtec.cat\/iescalgravat\/wp-content\/uploads\/usu63\/2025\/11\/IMG-20251118-WA0015-CESAR-RIOLA-DEVANT-768x576.jpg 768w, https:\/\/agora.xtec.cat\/iescalgravat\/wp-content\/uploads\/usu63\/2025\/11\/IMG-20251118-WA0015-CESAR-RIOLA-DEVANT-1536x1152.jpg 1536w, https:\/\/agora.xtec.cat\/iescalgravat\/wp-content\/uploads\/usu63\/2025\/11\/IMG-20251118-WA0015-CESAR-RIOLA-DEVANT-200x150.jpg 200w, https:\/\/agora.xtec.cat\/iescalgravat\/wp-content\/uploads\/usu63\/2025\/11\/IMG-20251118-WA0015-CESAR-RIOLA-DEVANT.jpg 1600w\" sizes=\"auto, (max-width: 1024px) 100vw, 1024px\" \/><\/a><\/p>\n","protected":false},"excerpt":{"rendered":"<p>Els alumnes del m\u00f3n contemporani de 1r de Batxillerat hem realitzat entrevstes a la Pepi Garcia i la Neus Blanco ve\u00efnes de la Font dels capellans per participar al projecte 50 veus, 50 mirades: mem\u00f2ria, present i futur de la Font dels Capellans. Una proposta&hellip;  <a href=\"https:\/\/agora.xtec.cat\/iescalgravat\/general\/memoria-historica-font-del-capellans\/\" title=\"Read Mem\u00f2ria hist\u00f2rica Font del capellans\">Llegeix m\u00e9s\u00bb<\/a><\/p>\n","protected":false},"author":1,"featured_media":7433,"comment_status":"open","ping_status":"open","sticky":false,"template":"","format":"standard","meta":{"_bbp_topic_count":0,"_bbp_reply_count":0,"_bbp_total_topic_count":0,"_bbp_total_reply_count":0,"_bbp_voice_count":0,"_bbp_anonymous_reply_count":0,"_bbp_topic_count_hidden":0,"_bbp_reply_count_hidden":0,"_bbp_forum_subforum_count":0,"footnotes":""},"categories":[1,29],"tags":[],"class_list":["post-7432","post","type-post","status-publish","format-standard","has-post-thumbnail","hentry","category-general","category-portada"],"post_mailing_queue_ids":[],"_links":{"self":[{"href":"https:\/\/agora.xtec.cat\/iescalgravat\/wp-json\/wp\/v2\/posts\/7432","targetHints":{"allow":["GET"]}}],"collection":[{"href":"https:\/\/agora.xtec.cat\/iescalgravat\/wp-json\/wp\/v2\/posts"}],"about":[{"href":"https:\/\/agora.xtec.cat\/iescalgravat\/wp-json\/wp\/v2\/types\/post"}],"author":[{"embeddable":true,"href":"https:\/\/agora.xtec.cat\/iescalgravat\/wp-json\/wp\/v2\/users\/1"}],"replies":[{"embeddable":true,"href":"https:\/\/agora.xtec.cat\/iescalgravat\/wp-json\/wp\/v2\/comments?post=7432"}],"version-history":[{"count":1,"href":"https:\/\/agora.xtec.cat\/iescalgravat\/wp-json\/wp\/v2\/posts\/7432\/revisions"}],"predecessor-version":[{"id":7434,"href":"https:\/\/agora.xtec.cat\/iescalgravat\/wp-json\/wp\/v2\/posts\/7432\/revisions\/7434"}],"wp:featuredmedia":[{"embeddable":true,"href":"https:\/\/agora.xtec.cat\/iescalgravat\/wp-json\/wp\/v2\/media\/7433"}],"wp:attachment":[{"href":"https:\/\/agora.xtec.cat\/iescalgravat\/wp-json\/wp\/v2\/media?parent=7432"}],"wp:term":[{"taxonomy":"category","embeddable":true,"href":"https:\/\/agora.xtec.cat\/iescalgravat\/wp-json\/wp\/v2\/categories?post=7432"},{"taxonomy":"post_tag","embeddable":true,"href":"https:\/\/agora.xtec.cat\/iescalgravat\/wp-json\/wp\/v2\/tags?post=7432"}],"curies":[{"name":"wp","href":"https:\/\/api.w.org\/{rel}","templated":true}]}}