{"id":7420,"date":"2025-11-19T12:10:35","date_gmt":"2025-11-19T11:10:35","guid":{"rendered":"https:\/\/agora.xtec.cat\/iescalgravat\/?p=7420"},"modified":"2025-11-19T12:10:35","modified_gmt":"2025-11-19T11:10:35","slug":"presentacio-del-llibre-animals-inexpressius-de-xavier-mas-cravioto","status":"publish","type":"post","link":"https:\/\/agora.xtec.cat\/iescalgravat\/general\/presentacio-del-llibre-animals-inexpressius-de-xavier-mas-cravioto\/","title":{"rendered":"Presentaci\u00f3 del llibre &#8220;Animals inexpressius&#8221;, de Xavier Mas Cravioto"},"content":{"rendered":"<p>Un grup d&#8217;alumnes de 1r de Batxillerat hem assitit a la presentaci\u00f3 del llibre &#8220;Animals inexpressius&#8221; de Xavier Mas Cravito, un autor navassenc de 29 anys que ja s&#8217;ha fet un lloc com a escritpor de novel\u00b7les, poesia i narrativa breu. S\u00f2nia Moya va moderar i conduir el fil de la presentaci\u00f3 durant 1 hora, en qu\u00e8 vam poder gaudir d&#8217;un recull de relats sobre m\u00e0scares, i sobre els ulls buits que hi ha rere les m\u00e0scares mirant-se impassiblement el m\u00f3n: els deu contes que teniu a les mans, poblats per adults, infants i animals, ens guien per una galeria de personatges narcotitzats per la in\u00e8rcia i pels replecs d\u2019unes vides marcades pel frac\u00e0s, la mentida, la incertesa i la complexitat indefugible, de vegades dolorosa, de les relacions humanes.<br \/>\n\u00abNo \u00e9s cap exageraci\u00f3: a Animals inexpressius no hi ha ni un sol conte que no calgui llegir\u00bb, Pon\u00e7 Puigdevall, El Pa\u00eds<br \/>\n\u00abAmb Animals inexpressius ja podem dir que Xavier Mas Craviotto \u00e9s una veu consolidada de les lletres catalanes\u00bb, Claudia Rius, Cadena SER.<\/p>\n<p>&nbsp;<\/p>\n\r\n\t<div class=\"slideshow_container slideshow_container_style-light\" style=\"height: 300px; \" data-slideshow-id=\"7426\" data-style-name=\"style-light\" data-style-version=\"2.3.1\" >\r\n\r\n\t\t\t\t\t<div class=\"slideshow_loading_icon\"><\/div>\r\n\t\t\r\n\t\t<div class=\"slideshow_content\" style=\"display: none;\">\r\n\r\n\t\t\t<div class=\"slideshow_view\">\r\n\t\t\t\t<div class=\"slideshow_slide slideshow_slide_image\">\r\n\t\t\t\t\t\t\t\t\t\t\t<img src=\"https:\/\/agora.xtec.cat\/iescalgravat\/wp-content\/uploads\/usu63\/2025\/11\/20251411_presentaciollibre_1BATX_P5.jpg\" alt=\"Presentacio llibre 1\" width=\"1024\" height=\"768\" \/>\r\n\t\t\t\t\t\t\t\t\t\t<div class=\"slideshow_description_box slideshow_transparent\">\r\n\t\t\t\t\t\t<div class=\"slideshow_title\">Presentacio llibre 1<\/div>\t\t\t\t\t\t\t\t\t\t\t<\/div>\r\n\t\t\t\t<\/div>\r\n\r\n\t\t\t\t\t\t<div style=\"clear: both;\"><\/div><\/div><div class=\"slideshow_view\">\r\n\t\t\t\t<div class=\"slideshow_slide slideshow_slide_image\">\r\n\t\t\t\t\t\t\t\t\t\t\t<img src=\"https:\/\/agora.xtec.cat\/iescalgravat\/wp-content\/uploads\/usu63\/2025\/11\/20251411_presentaciollibre_1BATX_P3.jpg\" alt=\"presentaci\u00f3 llibre 2\" width=\"1024\" height=\"768\" \/>\r\n\t\t\t\t\t\t\t\t\t\t<div class=\"slideshow_description_box slideshow_transparent\">\r\n\t\t\t\t\t\t<div class=\"slideshow_title\">presentaci\u00f3 llibre 2<\/div>\t\t\t\t\t\t\t\t\t\t\t<\/div>\r\n\t\t\t\t<\/div>\r\n\r\n\t\t\t\t\t\t<div style=\"clear: both;\"><\/div><\/div><div class=\"slideshow_view\">\r\n\t\t\t\t<div class=\"slideshow_slide slideshow_slide_image\">\r\n\t\t\t\t\t\t\t\t\t\t\t<img src=\"https:\/\/agora.xtec.cat\/iescalgravat\/wp-content\/uploads\/usu63\/2025\/11\/20251411_presentaciollibre_1BATX_P4.jpg\" alt=\"presentaci\u00f3 llibre 3\" width=\"1024\" height=\"768\" \/>\r\n\t\t\t\t\t\t\t\t\t\t<div class=\"slideshow_description_box slideshow_transparent\">\r\n\t\t\t\t\t\t<div class=\"slideshow_title\">presentaci\u00f3 llibre 3<\/div>\t\t\t\t\t\t\t\t\t\t\t<\/div>\r\n\t\t\t\t<\/div>\r\n\r\n\t\t\t\t\t\t<div style=\"clear: both;\"><\/div><\/div>\r\n\t\t<\/div>\r\n\r\n\t\t<div class=\"slideshow_controlPanel slideshow_transparent\" style=\"display: none;\"><ul><li class=\"slideshow_togglePlay\" data-play-text=\"Visualitza\" data-pause-text=\"Pausa\"><\/li><\/ul><\/div>\r\n\r\n\t\t<div class=\"slideshow_button slideshow_previous slideshow_transparent\" role=\"button\" data-previous-text=\"Anterior\" style=\"display: none;\"><\/div>\r\n\t\t<div class=\"slideshow_button slideshow_next slideshow_transparent\" role=\"button\" data-next-text=\"Seg\u00fcent\" style=\"display: none;\"><\/div>\r\n\r\n\t\t<div class=\"slideshow_pagination\" style=\"display: none;\" data-go-to-text=\"V\u00e9s a la diapositiva\"><div class=\"slideshow_pagination_center\"><\/div><\/div>\r\n\r\n\t\t<!-- WordPress Slideshow Version 2.3.1 -->\r\n\r\n\t\t\t<\/div>\r\n\r\n\n","protected":false},"excerpt":{"rendered":"<p>Un grup d&#8217;alumnes de 1r de Batxillerat hem assitit a la presentaci\u00f3 del llibre &#8220;Animals inexpressius&#8221; de Xavier Mas Cravito, un autor navassenc de 29 anys que ja s&#8217;ha fet un lloc com a escritpor de novel\u00b7les, poesia i narrativa breu. S\u00f2nia Moya va moderar&hellip;  <a href=\"https:\/\/agora.xtec.cat\/iescalgravat\/general\/presentacio-del-llibre-animals-inexpressius-de-xavier-mas-cravioto\/\" title=\"Read Presentaci\u00f3 del llibre &#8220;Animals inexpressius&#8221;, de Xavier Mas Cravioto\">Llegeix m\u00e9s\u00bb<\/a><\/p>\n","protected":false},"author":1,"featured_media":7430,"comment_status":"open","ping_status":"open","sticky":false,"template":"","format":"standard","meta":{"_bbp_topic_count":0,"_bbp_reply_count":0,"_bbp_total_topic_count":0,"_bbp_total_reply_count":0,"_bbp_voice_count":0,"_bbp_anonymous_reply_count":0,"_bbp_topic_count_hidden":0,"_bbp_reply_count_hidden":0,"_bbp_forum_subforum_count":0,"footnotes":""},"categories":[1,29],"tags":[185],"class_list":["post-7420","post","type-post","status-publish","format-standard","has-post-thumbnail","hentry","category-general","category-portada","tag-lectura"],"post_mailing_queue_ids":[],"_links":{"self":[{"href":"https:\/\/agora.xtec.cat\/iescalgravat\/wp-json\/wp\/v2\/posts\/7420","targetHints":{"allow":["GET"]}}],"collection":[{"href":"https:\/\/agora.xtec.cat\/iescalgravat\/wp-json\/wp\/v2\/posts"}],"about":[{"href":"https:\/\/agora.xtec.cat\/iescalgravat\/wp-json\/wp\/v2\/types\/post"}],"author":[{"embeddable":true,"href":"https:\/\/agora.xtec.cat\/iescalgravat\/wp-json\/wp\/v2\/users\/1"}],"replies":[{"embeddable":true,"href":"https:\/\/agora.xtec.cat\/iescalgravat\/wp-json\/wp\/v2\/comments?post=7420"}],"version-history":[{"count":2,"href":"https:\/\/agora.xtec.cat\/iescalgravat\/wp-json\/wp\/v2\/posts\/7420\/revisions"}],"predecessor-version":[{"id":7431,"href":"https:\/\/agora.xtec.cat\/iescalgravat\/wp-json\/wp\/v2\/posts\/7420\/revisions\/7431"}],"wp:featuredmedia":[{"embeddable":true,"href":"https:\/\/agora.xtec.cat\/iescalgravat\/wp-json\/wp\/v2\/media\/7430"}],"wp:attachment":[{"href":"https:\/\/agora.xtec.cat\/iescalgravat\/wp-json\/wp\/v2\/media?parent=7420"}],"wp:term":[{"taxonomy":"category","embeddable":true,"href":"https:\/\/agora.xtec.cat\/iescalgravat\/wp-json\/wp\/v2\/categories?post=7420"},{"taxonomy":"post_tag","embeddable":true,"href":"https:\/\/agora.xtec.cat\/iescalgravat\/wp-json\/wp\/v2\/tags?post=7420"}],"curies":[{"name":"wp","href":"https:\/\/api.w.org\/{rel}","templated":true}]}}