{"id":725,"date":"2017-03-18T10:35:38","date_gmt":"2017-03-18T09:35:38","guid":{"rendered":"http:\/\/agora.xtec.cat\/iescalgravat\/?p=725"},"modified":"2017-09-18T10:51:24","modified_gmt":"2017-09-18T08:51:24","slug":"preinscripcio-i-matricula-batxillerat-2017-2018","status":"publish","type":"post","link":"https:\/\/agora.xtec.cat\/iescalgravat\/general\/preinscripcio-i-matricula-batxillerat-2017-2018\/","title":{"rendered":"PREINSCRIPCI\u00d3 I MATRICULA BATXILLERAT 2017-2018"},"content":{"rendered":"<div id=\"yui_3_17_2_1_1489781635256_253\" class=\"summary\">\n<div id=\"yui_3_17_2_1_1489781635256_252\" class=\"no-overflow\">\n<p id=\"yui_3_17_2_1_1489781635256_299\"><span id=\"yui_3_17_2_1_1489781635256_304\"><span id=\"yui_3_17_2_1_1489781635256_303\"><span id=\"yui_3_17_2_1_1489781635256_302\"><span id=\"yui_3_17_2_1_1489781635256_301\"><span id=\"yui_3_17_2_1_1489781635256_300\">Jornada de portes obertes:\u00a0 <strong>4 de maig<\/strong> de 2017<\/span><\/span><\/span><\/span><strong>,<\/strong><strong> a les 7:30<\/strong><\/span><span id=\"yui_3_17_2_1_1489781635256_307\"><strong id=\"yui_3_17_2_1_1489781635256_306\"> de la tarda.<\/strong><\/span><\/p>\n<p><strong>Per\u00edode de presentaci\u00f3 de sol\u00b7licituds<\/strong>:<b><span class=\"\">del 16 al 24 de maig<\/span><\/b>, ambd\u00f3s inclosos.<\/p>\n<ul id=\"yui_3_17_2_1_1489781635256_256\">\n<li id=\"yui_3_17_2_1_1489781635256_308\">Publicaci\u00f3 llistes amb el barem provisional:<\/li>\n<li id=\"yui_3_17_2_1_1489781635256_309\">Reclamacions:<\/li>\n<li id=\"yui_3_17_2_1_1489781635256_310\"><span id=\"yui_3_17_2_1_1489781635256_315\">Publicaci\u00f3 llistes baremades un cop resoltes les reclamacions:\u00a0 <\/span><\/li>\n<li id=\"yui_3_17_2_1_1489781635256_255\"><span id=\"yui_3_17_2_1_1489781635256_314\">Publicaci\u00f3 de les llistes d&#8217;admesos:\u00a0<\/span><\/li>\n<li id=\"yui_3_17_2_1_1489781635256_311\">Per\u00edode de matr\u00edcula:<\/li>\n<li id=\"yui_3_17_2_1_1489781635256_312\"><strong>Per\u00edode de matr\u00edcula extraordin\u00e0ria de batxillerat:<\/strong><\/li>\n<\/ul>\n<p id=\"yui_3_17_2_1_1489781635256_313\"><a title=\"Enlla\u00e7 al Departament d'Educaci\u00f3\" href=\"http:\/\/www20.gencat.cat\/portal\/site\/queestudiar\/menuitem.d7cfc336363a7af8e85c7273b0c0e1a0\/?vgnextoid=e79c741b7df2b210VgnVCM2000009b0c1e0aRCRD&amp;vgnextchannel=e79c741b7df2b210VgnVCM2000009b0c1e0aRCRD&amp;vgnextfmt=default\" target=\"_blank\" rel=\"noopener noreferrer\">Enlla\u00e7 Departament d&#8217;Ensenyament<\/a><\/p>\n<\/div>\n<\/div>\n","protected":false},"excerpt":{"rendered":"<p>Jornada de portes obertes:\u00a0 4 de maig de 2017, a les 7:30 de la tarda.<br \/>\nPer\u00edode de presentaci\u00f3 de sol\u00b7licituds:del 16 al 24 de maig, ambd\u00f3s inclosos.<\/p>\n<ul id=\"yui_3_17_2_1_1489781635256_256\">\n<li id=\"yui_3_17_2_1_1489781635256_308\">Publicaci\u00f3 llistes amb el barem provisional:<\/li>\n<li id=\"yui_3_17_2_1_1489781635256_309\">Reclamacions:<\/li>\n<li id=\"yui_3_17_2_1_1489781635256_310\">Publicaci\u00f3 llistes baremades un cop resoltes les reclamacions:\u00a0 <\/li>\n<li id=\"yui_3_17_2_1_1489781635256_255\">Publicaci\u00f3 de&hellip;  <a href=\"https:\/\/agora.xtec.cat\/iescalgravat\/general\/preinscripcio-i-matricula-batxillerat-2017-2018\/\" title=\"Read PREINSCRIPCI\u00d3 I MATRICULA BATXILLERAT 2017-2018\">Llegeix m\u00e9s\u00bb<\/a><br \/>\n","protected":false},"author":1,"featured_media":0,"comment_status":"open","ping_status":"closed","sticky":false,"template":"","format":"standard","meta":{"_bbp_topic_count":0,"_bbp_reply_count":0,"_bbp_total_topic_count":0,"_bbp_total_reply_count":0,"_bbp_voice_count":0,"_bbp_anonymous_reply_count":0,"_bbp_topic_count_hidden":0,"_bbp_reply_count_hidden":0,"_bbp_forum_subforum_count":0,"footnotes":""},"categories":[8,1],"tags":[],"class_list":["post-725","post","type-post","status-publish","format-standard","hentry","category-batxillerat","category-general"],"post_mailing_queue_ids":[],"_links":{"self":[{"href":"https:\/\/agora.xtec.cat\/iescalgravat\/wp-json\/wp\/v2\/posts\/725","targetHints":{"allow":["GET"]}}],"collection":[{"href":"https:\/\/agora.xtec.cat\/iescalgravat\/wp-json\/wp\/v2\/posts"}],"about":[{"href":"https:\/\/agora.xtec.cat\/iescalgravat\/wp-json\/wp\/v2\/types\/post"}],"author":[{"embeddable":true,"href":"https:\/\/agora.xtec.cat\/iescalgravat\/wp-json\/wp\/v2\/users\/1"}],"replies":[{"embeddable":true,"href":"https:\/\/agora.xtec.cat\/iescalgravat\/wp-json\/wp\/v2\/comments?post=725"}],"version-history":[{"count":2,"href":"https:\/\/agora.xtec.cat\/iescalgravat\/wp-json\/wp\/v2\/posts\/725\/revisions"}],"predecessor-version":[{"id":912,"href":"https:\/\/agora.xtec.cat\/iescalgravat\/wp-json\/wp\/v2\/posts\/725\/revisions\/912"}],"wp:attachment":[{"href":"https:\/\/agora.xtec.cat\/iescalgravat\/wp-json\/wp\/v2\/media?parent=725"}],"wp:term":[{"taxonomy":"category","embeddable":true,"href":"https:\/\/agora.xtec.cat\/iescalgravat\/wp-json\/wp\/v2\/categories?post=725"},{"taxonomy":"post_tag","embeddable":true,"href":"https:\/\/agora.xtec.cat\/iescalgravat\/wp-json\/wp\/v2\/tags?post=725"}],"curies":[{"name":"wp","href":"https:\/\/api.w.org\/{rel}","templated":true}]}}