{"id":723,"date":"2017-03-18T10:32:05","date_gmt":"2017-03-18T09:32:05","guid":{"rendered":"http:\/\/agora.xtec.cat\/iescalgravat\/?p=723"},"modified":"2017-09-18T10:51:45","modified_gmt":"2017-09-18T08:51:45","slug":"preinscripcio-i-matricula-eso-12-16-anys-curs-2017-2018","status":"publish","type":"post","link":"https:\/\/agora.xtec.cat\/iescalgravat\/general\/preinscripcio-i-matricula-eso-12-16-anys-curs-2017-2018\/","title":{"rendered":"PREINSCRIPCI\u00d3 I MATRICULA ESO (12-16 anys). CURS 2017-2018"},"content":{"rendered":"<p id=\"yui_3_17_2_1_1489781635256_182\"><span id=\"yui_3_17_2_1_1489781635256_193\"><span id=\"yui_3_17_2_1_1489781635256_192\"><span id=\"yui_3_17_2_1_1489781635256_191\"><span id=\"yui_3_17_2_1_1489781635256_190\"><span id=\"yui_3_17_2_1_1489781635256_189\"><span id=\"yui_3_17_2_1_1489781635256_188\"><span id=\"yui_3_17_2_1_1489781635256_284\"><span id=\"yui_3_17_2_1_1489781635256_283\"><span id=\"yui_3_17_2_1_1489781635256_282\"><span id=\"yui_3_17_2_1_1489781635256_281\">Jornada de portes obertes: dijous 16<\/span><\/span><\/span><\/span><span id=\"yui_3_17_2_1_1489781635256_187\"><span id=\"yui_3_17_2_1_1489781635256_186\"><span id=\"yui_3_17_2_1_1489781635256_185\"><span id=\"yui_3_17_2_1_1489781635256_184\"><span id=\"yui_3_17_2_1_1489781635256_183\"> de mar\u00e7 de 2017,\u00a0 a les 7:30 de la tarda<\/span><\/span><\/span><\/span><\/span><\/span><br \/>\n<\/span><\/span><\/span><\/span><\/span><\/p>\n<ul id=\"yui_3_17_2_1_1489781635256_177\">\n<li id=\"yui_3_17_2_1_1489781635256_197\"><strong id=\"yui_3_17_2_1_1489781635256_280\">Per\u00edode de presentaci\u00f3 de sol\u00b7licituds<\/strong>: <span id=\"yui_3_17_2_1_1489781635256_196\"><b id=\"yui_3_17_2_1_1489781635256_195\"><span id=\"yui_3_17_2_1_1489781635256_194\" class=\"\">del 23 de mar\u00e7 al 4 d&#8217;abril<\/span><\/b>, <\/span>ambd\u00f3s inclosos.<\/li>\n<li id=\"yui_3_17_2_1_1489781635256_181\">Presentaci\u00f3 de documentaci\u00f3: <span id=\"yui_3_17_2_1_1489781635256_279\" class=\"\">fins al 7 d&#8217;abril<\/span><\/li>\n<li id=\"yui_3_17_2_1_1489781635256_200\">Publicaci\u00f3 llistes amb el barem provisional: <span id=\"yui_3_17_2_1_1489781635256_199\"><span id=\"yui_3_17_2_1_1489781635256_198\" class=\"\">24 d&#8217;abril<\/span><span id=\"yui_3_17_2_1_1489781635256_201\" class=\"\">.<\/span><\/span><\/li>\n<li id=\"yui_3_17_2_1_1489781635256_180\"><span id=\"yui_3_17_2_1_1489781635256_291\"><span id=\"yui_3_17_2_1_1489781635256_290\">Reclamacions:<\/span> <\/span><span id=\"yui_3_17_2_1_1489781635256_293\"><span id=\"yui_3_17_2_1_1489781635256_292\" class=\"\">del 25 al 27 d&#8217;abril.<\/span><\/span><\/li>\n<li id=\"yui_3_17_2_1_1489781635256_204\">Publicaci\u00f3 llistes baremades un cop resoltes les reclamacions: <span id=\"yui_3_17_2_1_1489781635256_203\"><span id=\"yui_3_17_2_1_1489781635256_202\" class=\"\">3 de maig.<\/span><\/span><\/li>\n<li id=\"yui_3_17_2_1_1489781635256_179\">Publicaci\u00f3 de les llistes d&#8217;admesos: <span id=\"yui_3_17_2_1_1489781635256_289\"><b id=\"yui_3_17_2_1_1489781635256_288\"><span id=\"yui_3_17_2_1_1489781635256_287\" class=\"\">2 de juny.<\/span><\/b><\/span><\/li>\n<li id=\"yui_3_17_2_1_1489781635256_178\"><span id=\"yui_3_17_2_1_1489781635256_240\"><span id=\"yui_3_17_2_1_1489781635256_239\"><span id=\"yui_3_17_2_1_1489781635256_238\">Per\u00edode de matr\u00edcula de 1r d&#8217;ESO: <span id=\"yui_3_17_2_1_1489781635256_237\" class=\"\">del 12 al 16 de juny<\/span><span class=\"\">,<\/span> <\/span>ambd\u00f3s inclosos.<\/span><\/span><\/li>\n<li id=\"yui_3_17_2_1_1489781635256_236\"><span id=\"yui_3_17_2_1_1489781635256_235\"><span id=\"yui_3_17_2_1_1489781635256_234\"><span id=\"yui_3_17_2_1_1489781635256_233\"><span id=\"yui_3_17_2_1_1489781635256_232\"><span id=\"yui_3_17_2_1_1489781635256_231\"><span id=\"yui_3_17_2_1_1489781635256_230\">Per\u00edode de matr\u00edcula de 2n, 3r i 4t d&#8217;ESO: <span id=\"yui_3_17_2_1_1489781635256_229\" class=\"\">del 26 al 30 de juny,<\/span> <\/span><\/span><\/span><\/span><span id=\"yui_3_17_2_1_1489781635256_286\"><span id=\"yui_3_17_2_1_1489781635256_285\">ambd\u00f3s inclosos.<\/span><\/span><\/span><\/span><\/li>\n<li id=\"yui_3_17_2_1_1489781635256_176\"><strong id=\"yui_3_17_2_1_1489781635256_228\"><span id=\"yui_3_17_2_1_1489781635256_227\"><span id=\"yui_3_17_2_1_1489781635256_226\"><span id=\"yui_3_17_2_1_1489781635256_225\"><span id=\"yui_3_17_2_1_1489781635256_224\"><span id=\"yui_3_17_2_1_1489781635256_223\"><span id=\"yui_3_17_2_1_1489781635256_222\">Per\u00edode de matr\u00edcula extraordin\u00e0ria d&#8217;ESO pels pendents d&#8217;ex\u00e0mens de setembre<\/span>: <\/span><\/span><\/span><\/span><\/span><\/strong><span id=\"yui_3_17_2_1_1489781635256_175\"><span id=\"yui_3_17_2_1_1489781635256_174\"><b id=\"yui_3_17_2_1_1489781635256_173\"><span id=\"yui_3_17_2_1_1489781635256_172\"><span id=\"yui_3_17_2_1_1489781635256_171\"><span id=\"yui_3_17_2_1_1489781635256_170\"><span id=\"yui_3_17_2_1_1489781635256_169\" class=\"\">del 6 al 8 de setembre.<\/span><\/span><\/span><\/span><\/b><\/span><\/span><\/li>\n<\/ul>\n<p id=\"yui_3_17_2_1_1489781635256_168\"><a id=\"yui_3_17_2_1_1489781635256_241\" href=\"http:\/\/queestudiar.gencat.cat\/ca\/preinscripcio\/estudis\/obligatoris\/documentacio\/\" target=\"_blank\">Enlla\u00e7 Departament d&#8217;Ensenyament<\/a><\/p>\n","protected":false},"excerpt":{"rendered":"<p>Jornada de portes obertes: dijous 16 de mar\u00e7 de 2017,\u00a0 a les 7:30 de la tarda<\/p>\n<ul id=\"yui_3_17_2_1_1489781635256_177\">\n<li id=\"yui_3_17_2_1_1489781635256_197\">Per\u00edode de presentaci\u00f3 de sol\u00b7licituds: del 23 de mar\u00e7 al 4 d&#8217;abril, ambd\u00f3s inclosos.<\/li>\n<li id=\"yui_3_17_2_1_1489781635256_181\">Presentaci\u00f3 de documentaci\u00f3: fins al 7 d&#8217;abril<\/li>\n<li id=\"yui_3_17_2_1_1489781635256_200\">Publicaci\u00f3 llistes amb el barem provisional: 24&hellip;  <a href=\"https:\/\/agora.xtec.cat\/iescalgravat\/general\/preinscripcio-i-matricula-eso-12-16-anys-curs-2017-2018\/\" title=\"Read PREINSCRIPCI\u00d3 I MATRICULA ESO (12-16 anys). CURS 2017-2018\">Llegeix m\u00e9s\u00bb<\/a><br \/>\n","protected":false},"author":1,"featured_media":0,"comment_status":"open","ping_status":"closed","sticky":false,"template":"","format":"standard","meta":{"_bbp_topic_count":0,"_bbp_reply_count":0,"_bbp_total_topic_count":0,"_bbp_total_reply_count":0,"_bbp_voice_count":0,"_bbp_anonymous_reply_count":0,"_bbp_topic_count_hidden":0,"_bbp_reply_count_hidden":0,"_bbp_forum_subforum_count":0,"footnotes":""},"categories":[3,1],"tags":[],"class_list":["post-723","post","type-post","status-publish","format-standard","hentry","category-eso","category-general"],"post_mailing_queue_ids":[],"_links":{"self":[{"href":"https:\/\/agora.xtec.cat\/iescalgravat\/wp-json\/wp\/v2\/posts\/723","targetHints":{"allow":["GET"]}}],"collection":[{"href":"https:\/\/agora.xtec.cat\/iescalgravat\/wp-json\/wp\/v2\/posts"}],"about":[{"href":"https:\/\/agora.xtec.cat\/iescalgravat\/wp-json\/wp\/v2\/types\/post"}],"author":[{"embeddable":true,"href":"https:\/\/agora.xtec.cat\/iescalgravat\/wp-json\/wp\/v2\/users\/1"}],"replies":[{"embeddable":true,"href":"https:\/\/agora.xtec.cat\/iescalgravat\/wp-json\/wp\/v2\/comments?post=723"}],"version-history":[{"count":3,"href":"https:\/\/agora.xtec.cat\/iescalgravat\/wp-json\/wp\/v2\/posts\/723\/revisions"}],"predecessor-version":[{"id":729,"href":"https:\/\/agora.xtec.cat\/iescalgravat\/wp-json\/wp\/v2\/posts\/723\/revisions\/729"}],"wp:attachment":[{"href":"https:\/\/agora.xtec.cat\/iescalgravat\/wp-json\/wp\/v2\/media?parent=723"}],"wp:term":[{"taxonomy":"category","embeddable":true,"href":"https:\/\/agora.xtec.cat\/iescalgravat\/wp-json\/wp\/v2\/categories?post=723"},{"taxonomy":"post_tag","embeddable":true,"href":"https:\/\/agora.xtec.cat\/iescalgravat\/wp-json\/wp\/v2\/tags?post=723"}],"curies":[{"name":"wp","href":"https:\/\/api.w.org\/{rel}","templated":true}]}}