{"id":7147,"date":"2025-06-03T16:10:44","date_gmt":"2025-06-03T14:10:44","guid":{"rendered":"https:\/\/agora.xtec.cat\/iescalgravat\/?p=7147"},"modified":"2025-06-03T16:10:44","modified_gmt":"2025-06-03T14:10:44","slug":"cloenda-de-laboralia","status":"publish","type":"post","link":"https:\/\/agora.xtec.cat\/iescalgravat\/general\/cloenda-de-laboralia\/","title":{"rendered":"CLOENDA DE LABOR\u00c0LIA"},"content":{"rendered":"<p>Aquest mat\u00ed, els alumnes del projecte de diversificaci\u00f3 curricular Labor\u00e0lia, hem assistit a l&#8217;acte de cloenda, al Sal\u00f3 de Sessions de l&#8217;Ajuntament de Manresa.<br \/>\nEn aquest acte, l&#8217;alcalde de la ciutat, Marc Aloy, acompanyat dels regidors d&#8217;emprenedoria i d&#8217;ensenyament, han fet entrega dels diplomes corresponents, a l&#8217;alumnat dels diferents instituts de la ciutat que hi han participat al llarg d&#8217;aquest curs.<br \/>\nDel nostre institut, hem participat 12 alumnes en aquest projecte en col\u00b7laboraci\u00f3 amb l&#8217;ajuntament i professionals de diferents oficis de la ciutat, i tots hem obtingut el diploma d&#8217;assist\u00e8ncia i aprofitament.<br \/>\nUn any m\u00e9s, l&#8217;alcalde ha felicitat per l&#8217;esfor\u00e7 i la dedicaci\u00f3, a alumnat, als professionals dels tastets, aix\u00ed com al professorat i direccions. Tanmateix, ha encoratjat als joves a seguir amb la seva formaci\u00f3 tant en l&#8217;\u00e0mbit personal com professional.<\/p>\n<p><a href=\"https:\/\/agora.xtec.cat\/iescalgravat\/wp-content\/uploads\/usu63\/2025\/06\/Laboralia-MONICA-BATALLA-SALVADO-scaled.jpg\"><img loading=\"lazy\" decoding=\"async\" class=\"aligncenter size-large wp-image-7148\" src=\"https:\/\/agora.xtec.cat\/iescalgravat\/wp-content\/uploads\/usu63\/2025\/06\/Laboralia-MONICA-BATALLA-SALVADO-1024x768.jpg\" alt=\"\" width=\"1024\" height=\"768\" srcset=\"https:\/\/agora.xtec.cat\/iescalgravat\/wp-content\/uploads\/usu63\/2025\/06\/Laboralia-MONICA-BATALLA-SALVADO-1024x768.jpg 1024w, https:\/\/agora.xtec.cat\/iescalgravat\/wp-content\/uploads\/usu63\/2025\/06\/Laboralia-MONICA-BATALLA-SALVADO-300x225.jpg 300w, https:\/\/agora.xtec.cat\/iescalgravat\/wp-content\/uploads\/usu63\/2025\/06\/Laboralia-MONICA-BATALLA-SALVADO-768x576.jpg 768w, https:\/\/agora.xtec.cat\/iescalgravat\/wp-content\/uploads\/usu63\/2025\/06\/Laboralia-MONICA-BATALLA-SALVADO-1536x1152.jpg 1536w, https:\/\/agora.xtec.cat\/iescalgravat\/wp-content\/uploads\/usu63\/2025\/06\/Laboralia-MONICA-BATALLA-SALVADO-2048x1536.jpg 2048w, https:\/\/agora.xtec.cat\/iescalgravat\/wp-content\/uploads\/usu63\/2025\/06\/Laboralia-MONICA-BATALLA-SALVADO-200x150.jpg 200w\" sizes=\"auto, (max-width: 1024px) 100vw, 1024px\" \/><\/a><\/p>\n","protected":false},"excerpt":{"rendered":"<p>Aquest mat\u00ed, els alumnes del projecte de diversificaci\u00f3 curricular Labor\u00e0lia, hem assistit a l&#8217;acte de cloenda, al Sal\u00f3 de Sessions de l&#8217;Ajuntament de Manresa.<br \/>\nEn aquest acte, l&#8217;alcalde de la ciutat, Marc Aloy, acompanyat dels regidors d&#8217;emprenedoria i d&#8217;ensenyament, han fet entrega dels diplomes corresponents, a&hellip;  <a href=\"https:\/\/agora.xtec.cat\/iescalgravat\/general\/cloenda-de-laboralia\/\" title=\"Read CLOENDA DE LABOR\u00c0LIA\">Llegeix m\u00e9s\u00bb<\/a><\/p>\n","protected":false},"author":1,"featured_media":0,"comment_status":"closed","ping_status":"open","sticky":false,"template":"","format":"standard","meta":{"_bbp_topic_count":0,"_bbp_reply_count":0,"_bbp_total_topic_count":0,"_bbp_total_reply_count":0,"_bbp_voice_count":0,"_bbp_anonymous_reply_count":0,"_bbp_topic_count_hidden":0,"_bbp_reply_count_hidden":0,"_bbp_forum_subforum_count":0,"footnotes":""},"categories":[3,1,29],"tags":[],"class_list":["post-7147","post","type-post","status-publish","format-standard","hentry","category-eso","category-general","category-portada"],"post_mailing_queue_ids":[],"_links":{"self":[{"href":"https:\/\/agora.xtec.cat\/iescalgravat\/wp-json\/wp\/v2\/posts\/7147","targetHints":{"allow":["GET"]}}],"collection":[{"href":"https:\/\/agora.xtec.cat\/iescalgravat\/wp-json\/wp\/v2\/posts"}],"about":[{"href":"https:\/\/agora.xtec.cat\/iescalgravat\/wp-json\/wp\/v2\/types\/post"}],"author":[{"embeddable":true,"href":"https:\/\/agora.xtec.cat\/iescalgravat\/wp-json\/wp\/v2\/users\/1"}],"replies":[{"embeddable":true,"href":"https:\/\/agora.xtec.cat\/iescalgravat\/wp-json\/wp\/v2\/comments?post=7147"}],"version-history":[{"count":1,"href":"https:\/\/agora.xtec.cat\/iescalgravat\/wp-json\/wp\/v2\/posts\/7147\/revisions"}],"predecessor-version":[{"id":7149,"href":"https:\/\/agora.xtec.cat\/iescalgravat\/wp-json\/wp\/v2\/posts\/7147\/revisions\/7149"}],"wp:attachment":[{"href":"https:\/\/agora.xtec.cat\/iescalgravat\/wp-json\/wp\/v2\/media?parent=7147"}],"wp:term":[{"taxonomy":"category","embeddable":true,"href":"https:\/\/agora.xtec.cat\/iescalgravat\/wp-json\/wp\/v2\/categories?post=7147"},{"taxonomy":"post_tag","embeddable":true,"href":"https:\/\/agora.xtec.cat\/iescalgravat\/wp-json\/wp\/v2\/tags?post=7147"}],"curies":[{"name":"wp","href":"https:\/\/api.w.org\/{rel}","templated":true}]}}