{"id":7141,"date":"2025-06-03T16:07:45","date_gmt":"2025-06-03T14:07:45","guid":{"rendered":"https:\/\/agora.xtec.cat\/iescalgravat\/?p=7141"},"modified":"2025-06-03T16:07:45","modified_gmt":"2025-06-03T14:07:45","slug":"4-bancs-per-4-dates-importants","status":"publish","type":"post","link":"https:\/\/agora.xtec.cat\/iescalgravat\/general\/4-bancs-per-4-dates-importants\/","title":{"rendered":"4 BANCS PER 4 DATES IMPORTANTS"},"content":{"rendered":"<p>Per celebrar el 31 mar\u00e7, Dia de la visibilitat trans, i el 17 de maig, Dia Internacional de la lluita contra l&#8217;homof\u00f2bia, la bif\u00f2bia i la transf\u00f2bia, acabem el projecte de pintar 4 bancs del pati amb les banderes LGBTIQ, Trans, Vermell i Violeta. A m\u00e9s a m\u00e9s, pel 17M s&#8217;han fet activitats a tutoria per treballar la igualtat i l&#8217;\u00faltima setmana del curs es far\u00e0 un cinef\u00f2rum sobre la pel\u00b7l\u00edcula &#8216;Pride&#8217;, amb l&#8217;alumnat de segon cicle d&#8217;ESO.<\/p>\n\n\t\t<style type=\"text\/css\">\n\t\t\t#gallery-1 {\n\t\t\t\tmargin: auto;\n\t\t\t}\n\t\t\t#gallery-1 .gallery-item {\n\t\t\t\tfloat: left;\n\t\t\t\tmargin-top: 10px;\n\t\t\t\ttext-align: center;\n\t\t\t\twidth: 50%;\n\t\t\t}\n\t\t\t#gallery-1 img {\n\t\t\t\tborder: 2px solid #cfcfcf;\n\t\t\t}\n\t\t\t#gallery-1 .gallery-caption {\n\t\t\t\tmargin-left: 0;\n\t\t\t}\n\t\t\t\/* see gallery_shortcode() in wp-includes\/media.php *\/\n\t\t<\/style>\n\t\t<div id='gallery-1' class='gallery galleryid-7141 gallery-columns-2 gallery-size-large'><dl class='gallery-item'>\n\t\t\t<dt class='gallery-icon landscape'>\n\t\t\t\t<a href='https:\/\/agora.xtec.cat\/iescalgravat\/general\/4-bancs-per-4-dates-importants\/attachment\/2-miriam-navarro-vacas-2\/'><img loading=\"lazy\" decoding=\"async\" width=\"1024\" height=\"1024\" src=\"https:\/\/agora.xtec.cat\/iescalgravat\/wp-content\/uploads\/usu63\/2025\/06\/2-MIRIAM-NAVARRO-VACAS-1024x1024.jpg\" class=\"attachment-large size-large\" alt=\"\" srcset=\"https:\/\/agora.xtec.cat\/iescalgravat\/wp-content\/uploads\/usu63\/2025\/06\/2-MIRIAM-NAVARRO-VACAS-1024x1024.jpg 1024w, https:\/\/agora.xtec.cat\/iescalgravat\/wp-content\/uploads\/usu63\/2025\/06\/2-MIRIAM-NAVARRO-VACAS-300x300.jpg 300w, https:\/\/agora.xtec.cat\/iescalgravat\/wp-content\/uploads\/usu63\/2025\/06\/2-MIRIAM-NAVARRO-VACAS-150x150.jpg 150w, https:\/\/agora.xtec.cat\/iescalgravat\/wp-content\/uploads\/usu63\/2025\/06\/2-MIRIAM-NAVARRO-VACAS-768x768.jpg 768w, https:\/\/agora.xtec.cat\/iescalgravat\/wp-content\/uploads\/usu63\/2025\/06\/2-MIRIAM-NAVARRO-VACAS.jpg 1080w\" sizes=\"auto, (max-width: 1024px) 100vw, 1024px\" \/><\/a>\n\t\t\t<\/dt><\/dl><dl class='gallery-item'>\n\t\t\t<dt class='gallery-icon landscape'>\n\t\t\t\t<a href='https:\/\/agora.xtec.cat\/iescalgravat\/general\/4-bancs-per-4-dates-importants\/attachment\/3-miriam-navarro-vacas-2\/'><img loading=\"lazy\" decoding=\"async\" width=\"1024\" height=\"1024\" src=\"https:\/\/agora.xtec.cat\/iescalgravat\/wp-content\/uploads\/usu63\/2025\/06\/3-MIRIAM-NAVARRO-VACAS-1024x1024.jpg\" class=\"attachment-large size-large\" alt=\"\" srcset=\"https:\/\/agora.xtec.cat\/iescalgravat\/wp-content\/uploads\/usu63\/2025\/06\/3-MIRIAM-NAVARRO-VACAS-1024x1024.jpg 1024w, https:\/\/agora.xtec.cat\/iescalgravat\/wp-content\/uploads\/usu63\/2025\/06\/3-MIRIAM-NAVARRO-VACAS-300x300.jpg 300w, https:\/\/agora.xtec.cat\/iescalgravat\/wp-content\/uploads\/usu63\/2025\/06\/3-MIRIAM-NAVARRO-VACAS-150x150.jpg 150w, https:\/\/agora.xtec.cat\/iescalgravat\/wp-content\/uploads\/usu63\/2025\/06\/3-MIRIAM-NAVARRO-VACAS-768x768.jpg 768w, https:\/\/agora.xtec.cat\/iescalgravat\/wp-content\/uploads\/usu63\/2025\/06\/3-MIRIAM-NAVARRO-VACAS.jpg 1080w\" sizes=\"auto, (max-width: 1024px) 100vw, 1024px\" \/><\/a>\n\t\t\t<\/dt><\/dl><br style=\"clear: both\" \/><dl class='gallery-item'>\n\t\t\t<dt class='gallery-icon landscape'>\n\t\t\t\t<a href='https:\/\/agora.xtec.cat\/iescalgravat\/general\/4-bancs-per-4-dates-importants\/attachment\/4-miriam-navarro-vacas\/'><img loading=\"lazy\" decoding=\"async\" width=\"1024\" height=\"1024\" src=\"https:\/\/agora.xtec.cat\/iescalgravat\/wp-content\/uploads\/usu63\/2025\/06\/4-MIRIAM-NAVARRO-VACAS-1024x1024.jpg\" class=\"attachment-large size-large\" alt=\"\" srcset=\"https:\/\/agora.xtec.cat\/iescalgravat\/wp-content\/uploads\/usu63\/2025\/06\/4-MIRIAM-NAVARRO-VACAS-1024x1024.jpg 1024w, https:\/\/agora.xtec.cat\/iescalgravat\/wp-content\/uploads\/usu63\/2025\/06\/4-MIRIAM-NAVARRO-VACAS-300x300.jpg 300w, https:\/\/agora.xtec.cat\/iescalgravat\/wp-content\/uploads\/usu63\/2025\/06\/4-MIRIAM-NAVARRO-VACAS-150x150.jpg 150w, https:\/\/agora.xtec.cat\/iescalgravat\/wp-content\/uploads\/usu63\/2025\/06\/4-MIRIAM-NAVARRO-VACAS-768x768.jpg 768w, https:\/\/agora.xtec.cat\/iescalgravat\/wp-content\/uploads\/usu63\/2025\/06\/4-MIRIAM-NAVARRO-VACAS.jpg 1080w\" sizes=\"auto, (max-width: 1024px) 100vw, 1024px\" \/><\/a>\n\t\t\t<\/dt><\/dl><dl class='gallery-item'>\n\t\t\t<dt class='gallery-icon landscape'>\n\t\t\t\t<a href='https:\/\/agora.xtec.cat\/iescalgravat\/general\/4-bancs-per-4-dates-importants\/attachment\/5-miriam-navarro-vacas\/'><img loading=\"lazy\" decoding=\"async\" width=\"1024\" height=\"1024\" src=\"https:\/\/agora.xtec.cat\/iescalgravat\/wp-content\/uploads\/usu63\/2025\/06\/5-MIRIAM-NAVARRO-VACAS-1024x1024.jpg\" class=\"attachment-large size-large\" alt=\"\" srcset=\"https:\/\/agora.xtec.cat\/iescalgravat\/wp-content\/uploads\/usu63\/2025\/06\/5-MIRIAM-NAVARRO-VACAS-1024x1024.jpg 1024w, https:\/\/agora.xtec.cat\/iescalgravat\/wp-content\/uploads\/usu63\/2025\/06\/5-MIRIAM-NAVARRO-VACAS-300x300.jpg 300w, https:\/\/agora.xtec.cat\/iescalgravat\/wp-content\/uploads\/usu63\/2025\/06\/5-MIRIAM-NAVARRO-VACAS-150x150.jpg 150w, https:\/\/agora.xtec.cat\/iescalgravat\/wp-content\/uploads\/usu63\/2025\/06\/5-MIRIAM-NAVARRO-VACAS-768x768.jpg 768w, https:\/\/agora.xtec.cat\/iescalgravat\/wp-content\/uploads\/usu63\/2025\/06\/5-MIRIAM-NAVARRO-VACAS.jpg 1080w\" sizes=\"auto, (max-width: 1024px) 100vw, 1024px\" \/><\/a>\n\t\t\t<\/dt><\/dl><br style=\"clear: both\" \/>\n\t\t<\/div>\n\n","protected":false},"excerpt":{"rendered":"<p>Per celebrar el 31 mar\u00e7, Dia de la visibilitat trans, i el 17 de maig, Dia Internacional de la lluita contra l&#8217;homof\u00f2bia, la bif\u00f2bia i la transf\u00f2bia, acabem el projecte de pintar 4 bancs del pati amb les banderes LGBTIQ, Trans, Vermell i Violeta. A&hellip;  <a href=\"https:\/\/agora.xtec.cat\/iescalgravat\/general\/4-bancs-per-4-dates-importants\/\" title=\"Read 4 BANCS PER 4 DATES IMPORTANTS\">Llegeix m\u00e9s\u00bb<\/a><\/p>\n","protected":false},"author":1,"featured_media":0,"comment_status":"closed","ping_status":"open","sticky":false,"template":"","format":"standard","meta":{"_bbp_topic_count":0,"_bbp_reply_count":0,"_bbp_total_topic_count":0,"_bbp_total_reply_count":0,"_bbp_voice_count":0,"_bbp_anonymous_reply_count":0,"_bbp_topic_count_hidden":0,"_bbp_reply_count_hidden":0,"_bbp_forum_subforum_count":0,"footnotes":""},"categories":[3,1,29],"tags":[],"class_list":["post-7141","post","type-post","status-publish","format-standard","hentry","category-eso","category-general","category-portada"],"post_mailing_queue_ids":[],"_links":{"self":[{"href":"https:\/\/agora.xtec.cat\/iescalgravat\/wp-json\/wp\/v2\/posts\/7141","targetHints":{"allow":["GET"]}}],"collection":[{"href":"https:\/\/agora.xtec.cat\/iescalgravat\/wp-json\/wp\/v2\/posts"}],"about":[{"href":"https:\/\/agora.xtec.cat\/iescalgravat\/wp-json\/wp\/v2\/types\/post"}],"author":[{"embeddable":true,"href":"https:\/\/agora.xtec.cat\/iescalgravat\/wp-json\/wp\/v2\/users\/1"}],"replies":[{"embeddable":true,"href":"https:\/\/agora.xtec.cat\/iescalgravat\/wp-json\/wp\/v2\/comments?post=7141"}],"version-history":[{"count":1,"href":"https:\/\/agora.xtec.cat\/iescalgravat\/wp-json\/wp\/v2\/posts\/7141\/revisions"}],"predecessor-version":[{"id":7146,"href":"https:\/\/agora.xtec.cat\/iescalgravat\/wp-json\/wp\/v2\/posts\/7141\/revisions\/7146"}],"wp:attachment":[{"href":"https:\/\/agora.xtec.cat\/iescalgravat\/wp-json\/wp\/v2\/media?parent=7141"}],"wp:term":[{"taxonomy":"category","embeddable":true,"href":"https:\/\/agora.xtec.cat\/iescalgravat\/wp-json\/wp\/v2\/categories?post=7141"},{"taxonomy":"post_tag","embeddable":true,"href":"https:\/\/agora.xtec.cat\/iescalgravat\/wp-json\/wp\/v2\/tags?post=7141"}],"curies":[{"name":"wp","href":"https:\/\/api.w.org\/{rel}","templated":true}]}}