{"id":7129,"date":"2025-06-03T15:53:07","date_gmt":"2025-06-03T13:53:07","guid":{"rendered":"https:\/\/agora.xtec.cat\/iescalgravat\/?p=7129"},"modified":"2025-06-03T15:53:07","modified_gmt":"2025-06-03T13:53:07","slug":"calgrarock-el-nou-talent","status":"publish","type":"post","link":"https:\/\/agora.xtec.cat\/iescalgravat\/general\/calgrarock-el-nou-talent\/","title":{"rendered":"CALGRAROCK, EL NOU TALENT"},"content":{"rendered":"<p>El grup musical Calgrarock, format per l&#8217;alumnat de 2n d\u2019ESO de l\u2019Institut Cal Gravat, ha estat guardonat amb el tercer premi al certamen Rockin\u2019 Fest, celebrat el passat divendres 16 de maig. La iniciativa forma part del projecte educatiu Rockin\u2019, impulsat amb el suport de Les Cases de la M\u00fasica i l\u2019equip docent del centre.<\/p>\n<p>Durant el curs, s\u2019ha creat una aula de m\u00fasica equipada i una sala de combo on l\u2019alumnat ha pogut experimentar la m\u00fasica de manera pr\u00e0ctica. Han apr\u00e8s a tocar la bateria, la guitarra el\u00e8ctrica, el baix i el piano, treballant en grup i preparant una actuaci\u00f3 que ha culminat amb \u00e8xit al festival.<\/p>\n<p>Hem viscut una experi\u00e8ncia al\u00b7lucinant, hem apr\u00e8s a coordinar-nos, a escoltar-nos i a gaudir de la m\u00fasica junts, expliquen els membres de Calgrarock.<\/p>\n<p>Amb aquest reconeixement, Cal Gravat consolida el seu comprom\u00eds amb una educaci\u00f3 activa i creativa, donant espai a l\u2019expressi\u00f3 art\u00edstica i al treball col\u00b7laboratiu com a eixos del creixement personal de l\u2019alumnat.<\/p>\n\n\t\t<style type=\"text\/css\">\n\t\t\t#gallery-1 {\n\t\t\t\tmargin: auto;\n\t\t\t}\n\t\t\t#gallery-1 .gallery-item {\n\t\t\t\tfloat: left;\n\t\t\t\tmargin-top: 10px;\n\t\t\t\ttext-align: center;\n\t\t\t\twidth: 50%;\n\t\t\t}\n\t\t\t#gallery-1 img {\n\t\t\t\tborder: 2px solid #cfcfcf;\n\t\t\t}\n\t\t\t#gallery-1 .gallery-caption {\n\t\t\t\tmargin-left: 0;\n\t\t\t}\n\t\t\t\/* see gallery_shortcode() in wp-includes\/media.php *\/\n\t\t<\/style>\n\t\t<div id='gallery-1' class='gallery galleryid-7129 gallery-columns-2 gallery-size-large'><dl class='gallery-item'>\n\t\t\t<dt class='gallery-icon landscape'>\n\t\t\t\t<a href='https:\/\/agora.xtec.cat\/iescalgravat\/general\/calgrarock-el-nou-talent\/attachment\/forto-2-minerva-gomez-taguenca\/'><img loading=\"lazy\" decoding=\"async\" width=\"1024\" height=\"576\" src=\"https:\/\/agora.xtec.cat\/iescalgravat\/wp-content\/uploads\/usu63\/2025\/06\/Forto-2-MINERVA-GOMEZ-TAGUENCA-1024x576.jpg\" class=\"attachment-large size-large\" alt=\"\" srcset=\"https:\/\/agora.xtec.cat\/iescalgravat\/wp-content\/uploads\/usu63\/2025\/06\/Forto-2-MINERVA-GOMEZ-TAGUENCA-1024x576.jpg 1024w, https:\/\/agora.xtec.cat\/iescalgravat\/wp-content\/uploads\/usu63\/2025\/06\/Forto-2-MINERVA-GOMEZ-TAGUENCA-300x169.jpg 300w, https:\/\/agora.xtec.cat\/iescalgravat\/wp-content\/uploads\/usu63\/2025\/06\/Forto-2-MINERVA-GOMEZ-TAGUENCA-768x432.jpg 768w, https:\/\/agora.xtec.cat\/iescalgravat\/wp-content\/uploads\/usu63\/2025\/06\/Forto-2-MINERVA-GOMEZ-TAGUENCA-1536x864.jpg 1536w, https:\/\/agora.xtec.cat\/iescalgravat\/wp-content\/uploads\/usu63\/2025\/06\/Forto-2-MINERVA-GOMEZ-TAGUENCA.jpg 1640w\" sizes=\"auto, (max-width: 1024px) 100vw, 1024px\" \/><\/a>\n\t\t\t<\/dt><\/dl><dl class='gallery-item'>\n\t\t\t<dt class='gallery-icon landscape'>\n\t\t\t\t<a href='https:\/\/agora.xtec.cat\/iescalgravat\/general\/calgrarock-el-nou-talent\/attachment\/foto-3-minerva-gomez-taguenca\/'><img loading=\"lazy\" decoding=\"async\" width=\"1024\" height=\"768\" src=\"https:\/\/agora.xtec.cat\/iescalgravat\/wp-content\/uploads\/usu63\/2025\/06\/foto-3-MINERVA-GOMEZ-TAGUENCA-1024x768.jpg\" class=\"attachment-large size-large\" alt=\"\" srcset=\"https:\/\/agora.xtec.cat\/iescalgravat\/wp-content\/uploads\/usu63\/2025\/06\/foto-3-MINERVA-GOMEZ-TAGUENCA-1024x768.jpg 1024w, https:\/\/agora.xtec.cat\/iescalgravat\/wp-content\/uploads\/usu63\/2025\/06\/foto-3-MINERVA-GOMEZ-TAGUENCA-300x225.jpg 300w, https:\/\/agora.xtec.cat\/iescalgravat\/wp-content\/uploads\/usu63\/2025\/06\/foto-3-MINERVA-GOMEZ-TAGUENCA-768x576.jpg 768w, https:\/\/agora.xtec.cat\/iescalgravat\/wp-content\/uploads\/usu63\/2025\/06\/foto-3-MINERVA-GOMEZ-TAGUENCA-1536x1152.jpg 1536w, https:\/\/agora.xtec.cat\/iescalgravat\/wp-content\/uploads\/usu63\/2025\/06\/foto-3-MINERVA-GOMEZ-TAGUENCA-200x150.jpg 200w, https:\/\/agora.xtec.cat\/iescalgravat\/wp-content\/uploads\/usu63\/2025\/06\/foto-3-MINERVA-GOMEZ-TAGUENCA.jpg 1600w\" sizes=\"auto, (max-width: 1024px) 100vw, 1024px\" \/><\/a>\n\t\t\t<\/dt><\/dl><br style=\"clear: both\" \/><dl class='gallery-item'>\n\t\t\t<dt class='gallery-icon landscape'>\n\t\t\t\t<a href='https:\/\/agora.xtec.cat\/iescalgravat\/general\/calgrarock-el-nou-talent\/attachment\/foto-4-minerva-gomez-taguenca\/'><img loading=\"lazy\" decoding=\"async\" width=\"1024\" height=\"576\" src=\"https:\/\/agora.xtec.cat\/iescalgravat\/wp-content\/uploads\/usu63\/2025\/06\/foto-4-MINERVA-GOMEZ-TAGUENCA-1024x576.jpg\" class=\"attachment-large size-large\" alt=\"\" srcset=\"https:\/\/agora.xtec.cat\/iescalgravat\/wp-content\/uploads\/usu63\/2025\/06\/foto-4-MINERVA-GOMEZ-TAGUENCA-1024x576.jpg 1024w, https:\/\/agora.xtec.cat\/iescalgravat\/wp-content\/uploads\/usu63\/2025\/06\/foto-4-MINERVA-GOMEZ-TAGUENCA-300x169.jpg 300w, https:\/\/agora.xtec.cat\/iescalgravat\/wp-content\/uploads\/usu63\/2025\/06\/foto-4-MINERVA-GOMEZ-TAGUENCA-768x432.jpg 768w, https:\/\/agora.xtec.cat\/iescalgravat\/wp-content\/uploads\/usu63\/2025\/06\/foto-4-MINERVA-GOMEZ-TAGUENCA-1536x864.jpg 1536w, https:\/\/agora.xtec.cat\/iescalgravat\/wp-content\/uploads\/usu63\/2025\/06\/foto-4-MINERVA-GOMEZ-TAGUENCA.jpg 1640w\" sizes=\"auto, (max-width: 1024px) 100vw, 1024px\" \/><\/a>\n\t\t\t<\/dt><\/dl><dl class='gallery-item'>\n\t\t\t<dt class='gallery-icon landscape'>\n\t\t\t\t<a href='https:\/\/agora.xtec.cat\/iescalgravat\/general\/calgrarock-el-nou-talent\/attachment\/foto-5-minerva-gomez-taguenca\/'><img loading=\"lazy\" decoding=\"async\" width=\"1024\" height=\"576\" src=\"https:\/\/agora.xtec.cat\/iescalgravat\/wp-content\/uploads\/usu63\/2025\/06\/foto-5-MINERVA-GOMEZ-TAGUENCA-1024x576.jpg\" class=\"attachment-large size-large\" alt=\"\" srcset=\"https:\/\/agora.xtec.cat\/iescalgravat\/wp-content\/uploads\/usu63\/2025\/06\/foto-5-MINERVA-GOMEZ-TAGUENCA-1024x576.jpg 1024w, https:\/\/agora.xtec.cat\/iescalgravat\/wp-content\/uploads\/usu63\/2025\/06\/foto-5-MINERVA-GOMEZ-TAGUENCA-300x169.jpg 300w, https:\/\/agora.xtec.cat\/iescalgravat\/wp-content\/uploads\/usu63\/2025\/06\/foto-5-MINERVA-GOMEZ-TAGUENCA-768x432.jpg 768w, https:\/\/agora.xtec.cat\/iescalgravat\/wp-content\/uploads\/usu63\/2025\/06\/foto-5-MINERVA-GOMEZ-TAGUENCA-1536x864.jpg 1536w, https:\/\/agora.xtec.cat\/iescalgravat\/wp-content\/uploads\/usu63\/2025\/06\/foto-5-MINERVA-GOMEZ-TAGUENCA.jpg 1640w\" sizes=\"auto, (max-width: 1024px) 100vw, 1024px\" \/><\/a>\n\t\t\t<\/dt><\/dl><br style=\"clear: both\" \/>\n\t\t<\/div>\n\n","protected":false},"excerpt":{"rendered":"<p>El grup musical Calgrarock, format per l&#8217;alumnat de 2n d\u2019ESO de l\u2019Institut Cal Gravat, ha estat guardonat amb el tercer premi al certamen Rockin\u2019 Fest, celebrat el passat divendres 16 de maig. La iniciativa forma part del projecte educatiu Rockin\u2019, impulsat amb el suport de&hellip;  <a href=\"https:\/\/agora.xtec.cat\/iescalgravat\/general\/calgrarock-el-nou-talent\/\" title=\"Read CALGRAROCK, EL NOU TALENT\">Llegeix m\u00e9s\u00bb<\/a><\/p>\n","protected":false},"author":1,"featured_media":0,"comment_status":"closed","ping_status":"open","sticky":false,"template":"","format":"standard","meta":{"_bbp_topic_count":0,"_bbp_reply_count":0,"_bbp_total_topic_count":0,"_bbp_total_reply_count":0,"_bbp_voice_count":0,"_bbp_anonymous_reply_count":0,"_bbp_topic_count_hidden":0,"_bbp_reply_count_hidden":0,"_bbp_forum_subforum_count":0,"footnotes":""},"categories":[3,1,29],"tags":[],"class_list":["post-7129","post","type-post","status-publish","format-standard","hentry","category-eso","category-general","category-portada"],"post_mailing_queue_ids":[],"_links":{"self":[{"href":"https:\/\/agora.xtec.cat\/iescalgravat\/wp-json\/wp\/v2\/posts\/7129","targetHints":{"allow":["GET"]}}],"collection":[{"href":"https:\/\/agora.xtec.cat\/iescalgravat\/wp-json\/wp\/v2\/posts"}],"about":[{"href":"https:\/\/agora.xtec.cat\/iescalgravat\/wp-json\/wp\/v2\/types\/post"}],"author":[{"embeddable":true,"href":"https:\/\/agora.xtec.cat\/iescalgravat\/wp-json\/wp\/v2\/users\/1"}],"replies":[{"embeddable":true,"href":"https:\/\/agora.xtec.cat\/iescalgravat\/wp-json\/wp\/v2\/comments?post=7129"}],"version-history":[{"count":1,"href":"https:\/\/agora.xtec.cat\/iescalgravat\/wp-json\/wp\/v2\/posts\/7129\/revisions"}],"predecessor-version":[{"id":7134,"href":"https:\/\/agora.xtec.cat\/iescalgravat\/wp-json\/wp\/v2\/posts\/7129\/revisions\/7134"}],"wp:attachment":[{"href":"https:\/\/agora.xtec.cat\/iescalgravat\/wp-json\/wp\/v2\/media?parent=7129"}],"wp:term":[{"taxonomy":"category","embeddable":true,"href":"https:\/\/agora.xtec.cat\/iescalgravat\/wp-json\/wp\/v2\/categories?post=7129"},{"taxonomy":"post_tag","embeddable":true,"href":"https:\/\/agora.xtec.cat\/iescalgravat\/wp-json\/wp\/v2\/tags?post=7129"}],"curies":[{"name":"wp","href":"https:\/\/api.w.org\/{rel}","templated":true}]}}